{"id":182,"date":"2011-05-09T23:17:46","date_gmt":"2011-05-09T21:17:46","guid":{"rendered":"http:\/\/www.aulablog.com\/blog\/edublogs11\/?p=182"},"modified":"2011-05-11T19:17:45","modified_gmt":"2011-05-11T17:17:45","slug":"taller-de-identidad-digital-y-redes-sociales","status":"publish","type":"post","link":"https:\/\/www.aulablog.com\/blog\/edublogs11\/2011\/05\/09\/taller-de-identidad-digital-y-redes-sociales\/","title":{"rendered":"Taller \u00bfC\u00f3mo trabajar la Identidad digital y el buen uso de las redes sociales con adolescentes?"},"content":{"rendered":"<div style=\"display: inline !important;\"><img loading=\"lazy\" decoding=\"async\" class=\"aligncenter\" src=\"http:\/\/farm4.static.flickr.com\/3178\/2954783299_c12617b65b_m.jpg\" alt=\"\" width=\"240\" height=\"180\" \/><\/div>\n<div style=\"display: inline !important;\">No cabe duda de que la Identidad Digital es uno de los contenidos a trabajar con nuestros alumnos, los profesores y las familias. El taller tendr\u00e1 una parte de reflexi\u00f3n sobre la propia pr\u00e1ctica diaria as\u00ed como otra sobre la oferta de recursos \u00fatiles para el trabajo en los centros educativos.<\/div>\n<p>Este taller lo impartir\u00e1n <a href=\"http:\/\/www.aomatos.com\/\">Antonio Omatos<\/a> y <a href=\"http:\/\/victorcuevas.es\">V\u00edctor Cuevas<\/a>. Os dejamos la informaci\u00f3n concreta del mismo:<\/p>\n<div>\n<ul>\n<li><strong>T\u00cdTULO:<\/strong> \u00bfC\u00f3mo trabajar la Identidad digital y el buen uso de las redes sociales con adolescentes?<\/li>\n<li><strong>OBJETIVOS:<\/strong>\n<ul>\n<li>Tomar conciencia de la Identidad Digital.<\/li>\n<li>Conocer los riesgos y ventajas de las redes sociales.<\/li>\n<li>Usar din\u00e1micas y recursos para trabajar esta problem\u00e1tica con los alumnos.<\/li>\n<\/ul>\n<\/li>\n<li><strong>REQUISITOS PREVIOS:<\/strong> tener ganas de trabajar esta tem\u00e1tica, tan importante, con los\u00a0alumnos\u00a0y padres.<\/li>\n<li><strong>CONTENIDOS:<\/strong>\n<ul>\n<li>La Identidad digital, qu\u00e9 es y qu\u00e9 representa<\/li>\n<li>Riesgos y ventajas de las redes sociales.<\/li>\n<li>Din\u00e1micas de concienciaci\u00f3n sobre los problemas de las redes sociales.<\/li>\n<li>Uso de recursos como v\u00eddeos, p\u00e1ginas web, gu\u00edas, etc. \u00a0para el trabajo en el aula y con las familias.<\/li>\n<li>Repositorio de recursos sobre Identidad digital y redes sociales.<\/li>\n<\/ul>\n<\/li>\n<li><strong>ETAPA RECOMENDADA:<\/strong> Tercer ciclo de Primaria y Secundaria.<\/li>\n<\/ul>\n<p>Imagen:\u00a0<a href=\"http:\/\/www.flickr.com\/photos\/85791047@N00\/2954783299\">2.0 buttons\/badges<\/a> bajo Licencia CC<\/p>\n<\/div>\n","protected":false},"excerpt":{"rendered":"<p>No cabe duda de que la Identidad Digital es uno de los contenidos a trabajar con nuestros alumnos, los profesores y las familias. El taller tendr\u00e1 una parte de reflexi\u00f3n sobre la propia pr\u00e1ctica diaria as\u00ed como otra sobre la oferta de recursos \u00fatiles para el trabajo en los centros educativos. Este taller lo impartir\u00e1n [&hellip;]<\/p>\n","protected":false},"author":8,"featured_media":0,"comment_status":"open","ping_status":"open","sticky":false,"template":"","format":"standard","meta":{"footnotes":""},"categories":[8],"tags":[12,11,9,13,10],"class_list":["post-182","post","type-post","status-publish","format-standard","hentry","category-talleres","tag-alumnos","tag-familias","tag-identidad-digital","tag-profesores","tag-redes-sociales"],"_links":{"self":[{"href":"https:\/\/www.aulablog.com\/blog\/edublogs11\/wp-json\/wp\/v2\/posts\/182","targetHints":{"allow":["GET"]}}],"collection":[{"href":"https:\/\/www.aulablog.com\/blog\/edublogs11\/wp-json\/wp\/v2\/posts"}],"about":[{"href":"https:\/\/www.aulablog.com\/blog\/edublogs11\/wp-json\/wp\/v2\/types\/post"}],"author":[{"embeddable":true,"href":"https:\/\/www.aulablog.com\/blog\/edublogs11\/wp-json\/wp\/v2\/users\/8"}],"replies":[{"embeddable":true,"href":"https:\/\/www.aulablog.com\/blog\/edublogs11\/wp-json\/wp\/v2\/comments?post=182"}],"version-history":[{"count":9,"href":"https:\/\/www.aulablog.com\/blog\/edublogs11\/wp-json\/wp\/v2\/posts\/182\/revisions"}],"predecessor-version":[{"id":313,"href":"https:\/\/www.aulablog.com\/blog\/edublogs11\/wp-json\/wp\/v2\/posts\/182\/revisions\/313"}],"wp:attachment":[{"href":"https:\/\/www.aulablog.com\/blog\/edublogs11\/wp-json\/wp\/v2\/media?parent=182"}],"wp:term":[{"taxonomy":"category","embeddable":true,"href":"https:\/\/www.aulablog.com\/blog\/edublogs11\/wp-json\/wp\/v2\/categories?post=182"},{"taxonomy":"post_tag","embeddable":true,"href":"https:\/\/www.aulablog.com\/blog\/edublogs11\/wp-json\/wp\/v2\/tags?post=182"}],"curies":[{"name":"wp","href":"https:\/\/api.w.org\/{rel}","templated":true}]}}