{"id":515,"date":"2011-06-11T15:49:40","date_gmt":"2011-06-11T13:49:40","guid":{"rendered":"http:\/\/www.aulablog.com\/blog\/edublogs11\/?p=515"},"modified":"2011-06-11T16:01:03","modified_gmt":"2011-06-11T14:01:03","slug":"tiscar-lara-nos-habla-de-la-escuela-digital","status":"publish","type":"post","link":"https:\/\/www.aulablog.com\/blog\/edublogs11\/2011\/06\/11\/tiscar-lara-nos-habla-de-la-escuela-digital\/","title":{"rendered":"T\u00edscar Lara nos habla de la escuela digital"},"content":{"rendered":"<p><a rel=\"attachment wp-att-521\" href=\"https:\/\/www.aulablog.com\/blog\/edublogs11\/2011\/06\/11\/tiscar-lara-nos-habla-de-la-escuela-digital\/tiscar\/\"><img loading=\"lazy\" decoding=\"async\" class=\"alignleft size-full wp-image-521\" title=\"T\u00edscar Lara\" src=\"https:\/\/www.aulablog.com\/blog\/edublogs11\/files\/2011\/06\/tiscar.jpg\" alt=\"T\u00edscar Lara\" width=\"174\" height=\"220\" srcset=\"https:\/\/www.aulablog.com\/blog\/edublogs11\/files\/2011\/06\/tiscar.jpg 174w, https:\/\/www.aulablog.com\/blog\/edublogs11\/files\/2011\/06\/tiscar-110x140.jpg 110w\" sizes=\"auto, (max-width: 174px) 100vw, 174px\" \/><\/a><a title=\"Perfil de T\u00edscar Lara\" href=\"http:\/\/tiscar.com\/tiscar-lara\/\" target=\"_blank\">T\u00edscar Lara<\/a> no es s\u00f3lo una entra\u00f1able mujer llena de sensibilidad y simpat\u00eda, sino que es una persona que vive la Web educativa con toda intensidad y que ha sido siempre un referente para poder conocer los entresijos de las nuevas tecnolog\u00edas en la educaci\u00f3n, el periodismo y la cultura digital. Desde su blog, <a title=\"Blog de T\u00edscar Lara\" href=\"http:\/\/tiscar.com\/\" target=\"_blank\">tiscar.com<\/a>, y su <a title=\"Twitter de T\u00edscar Lara\" href=\"http:\/\/twitter.com\/#!\/tiscar\" target=\"_blank\">Twitter<\/a>, ha estado siempre a la vanguardia de la blogosfera ense\u00f1\u00e1ndonos los hilos que unen todos los aspectos que la caracterizan.<\/p>\n<p>T\u00edscar <em>no viene<\/em> a nuestro Encuentro, porque <em>ya est\u00e1 en \u00e9l<\/em>, no s\u00f3lo porque ha tenido la generosidad de permitir que se celebre en la sede de la <a title=\"Escuela de Organizaci\u00f3n Industrial de Madrid\" href=\"http:\/\/www.eoi.es\/portal\/guest\/inicio\" target=\"_blank\">EOI<\/a> donde es Vicedecana de Cultura Digital, sino porque siempre ha seguido de cerca nuestras experiencias educativas, y forma parte activa del colectivo de docentes que nos movemos en Madrid con la inquietud de buscar nuevas formas de ense\u00f1anza y aprendizaje dentro de la Web educativa.<\/p>\n<p>Esta vez T\u00edscar nos va a hablar de <a title=\"Mobile Learning EOI\" href=\"http:\/\/www.eoi.es\/blogs\/mlearning\/\" target=\"_blank\">Mobile Learning EOI<\/a>, y nos va a dar \u00ablas claves de la implementaci\u00f3n que ha desarrollado la Escuela de Organizaci\u00f3n Industrial para construir su modelo de <a href=\"http:\/\/www.eoi.es\/blogs\/legolab\/escuela-digital-abierta-y-colaborativa\/\">Educaci\u00f3n Abierta<\/a>\u00bb con el uso de m\u00f3viles en la ense\u00f1anza. La verdad es que esta experiencia nos parece muy novedosa, as\u00ed que estaremos pendientes de T\u00edscar en la conferencia de clausura del Encuentro. Los m\u00e1s curiosos pueden ver la siguiente presentaci\u00f3n como introducci\u00f3n a su charla:<\/p>\n<div style=\"width:510px\" id=\"__ss_8113859\"> <strong style=\"display:block;margin:12px 0 4px\"><a href=\"http:\/\/www.slideshare.net\/slides_eoi\/mobile-learning-eoi-escuela-digital-tscar-lara\" title=\"Mobile learning. EOI escuela digital. T\u00edscar Lara\">Mobile learning. EOI escuela digital. T\u00edscar Lara<\/a><\/strong> <iframe loading=\"lazy\" src=\"http:\/\/www.slideshare.net\/slideshow\/embed_code\/8113859\" width=\"510\" height=\"426\" frameborder=\"0\" marginwidth=\"0\" marginheight=\"0\" scrolling=\"no\"><\/iframe> <\/p>\n<div style=\"padding:5px 0 12px\"> View more presentations from <a href=\"http:\/\/www.slideshare.net\/slides_eoi\">EOI Escuela de Organizaci\u00f3n Industrial<\/a> <\/div>\n<\/p><\/div>\n","protected":false},"excerpt":{"rendered":"<p>T\u00edscar Lara no es s\u00f3lo una entra\u00f1able mujer llena de sensibilidad y simpat\u00eda, sino que es una persona que vive la Web educativa con toda intensidad y que ha sido siempre un referente para poder conocer los entresijos de las nuevas tecnolog\u00edas en la educaci\u00f3n, el periodismo y la cultura digital. Desde su blog, tiscar.com, [&hellip;]<\/p>\n","protected":false},"author":12,"featured_media":0,"comment_status":"open","ping_status":"open","sticky":false,"template":"","format":"standard","meta":{"footnotes":""},"categories":[41],"tags":[42,48],"class_list":["post-515","post","type-post","status-publish","format-standard","hentry","category-conferencias","tag-innovacion","tag-mobile-learning"],"_links":{"self":[{"href":"https:\/\/www.aulablog.com\/blog\/edublogs11\/wp-json\/wp\/v2\/posts\/515","targetHints":{"allow":["GET"]}}],"collection":[{"href":"https:\/\/www.aulablog.com\/blog\/edublogs11\/wp-json\/wp\/v2\/posts"}],"about":[{"href":"https:\/\/www.aulablog.com\/blog\/edublogs11\/wp-json\/wp\/v2\/types\/post"}],"author":[{"embeddable":true,"href":"https:\/\/www.aulablog.com\/blog\/edublogs11\/wp-json\/wp\/v2\/users\/12"}],"replies":[{"embeddable":true,"href":"https:\/\/www.aulablog.com\/blog\/edublogs11\/wp-json\/wp\/v2\/comments?post=515"}],"version-history":[{"count":21,"href":"https:\/\/www.aulablog.com\/blog\/edublogs11\/wp-json\/wp\/v2\/posts\/515\/revisions"}],"predecessor-version":[{"id":536,"href":"https:\/\/www.aulablog.com\/blog\/edublogs11\/wp-json\/wp\/v2\/posts\/515\/revisions\/536"}],"wp:attachment":[{"href":"https:\/\/www.aulablog.com\/blog\/edublogs11\/wp-json\/wp\/v2\/media?parent=515"}],"wp:term":[{"taxonomy":"category","embeddable":true,"href":"https:\/\/www.aulablog.com\/blog\/edublogs11\/wp-json\/wp\/v2\/categories?post=515"},{"taxonomy":"post_tag","embeddable":true,"href":"https:\/\/www.aulablog.com\/blog\/edublogs11\/wp-json\/wp\/v2\/tags?post=515"}],"curies":[{"name":"wp","href":"https:\/\/api.w.org\/{rel}","templated":true}]}}