{"id":844,"date":"2011-07-01T22:43:09","date_gmt":"2011-07-01T20:43:09","guid":{"rendered":"http:\/\/www.aulablog.com\/blog\/edublogs11\/?p=844"},"modified":"2011-07-01T22:46:34","modified_gmt":"2011-07-01T20:46:34","slug":"profeblog-es-en-la-mesa-de-grupos-de-docentes","status":"publish","type":"post","link":"https:\/\/www.aulablog.com\/blog\/edublogs11\/2011\/07\/01\/profeblog-es-en-la-mesa-de-grupos-de-docentes\/","title":{"rendered":"Profeblog.es en la mesa de grupos de docentes"},"content":{"rendered":"<p><img loading=\"lazy\" decoding=\"async\" class=\"size-full wp-image-847 alignleft\" title=\"profeblog\" src=\"https:\/\/www.aulablog.com\/blog\/edublogs11\/files\/2011\/07\/profeblog.jpg\" alt=\"\" width=\"164\" height=\"137\" srcset=\"https:\/\/www.aulablog.com\/blog\/edublogs11\/files\/2011\/07\/profeblog.jpg 250w, https:\/\/www.aulablog.com\/blog\/edublogs11\/files\/2011\/07\/profeblog-140x118.jpg 140w\" sizes=\"auto, (max-width: 164px) 100vw, 164px\" \/>En la Mesa de grupos de docentes est\u00e1 <a title=\"Profeblog\" href=\"http:\/\/www.profeblog.es\/\" target=\"_blank\">Profeblog.es<\/a>, una asociaci\u00f3n de profesores que se presen<a rel=\"attachment wp-att-847\" href=\"https:\/\/www.aulablog.com\/blog\/edublogs11\/2011\/07\/01\/profeblog-es-en-la-mesa-de-grupos-de-docentes\/profeblog\/\"><\/a>tan con las siguientes palabras.<\/p>\n<p><a rel=\"nofollow\" href=\"http:\/\/www.profeblog.es\/\" target=\"_blank\">PRoFeBLoG<\/a> es un portal especializado en educaci\u00f3n que ofrece asesoramiento t\u00e9cnico y <strong>alojamiento gratuito para blogs de profesoras y profesores<\/strong>.  Se trata de un proyecto educativo que surge en el curso 2006\/07, se  consolida durante el a\u00f1o siguiente y constituye en la actualidad una  comunidad que aloja <a rel=\"nofollow\" href=\"http:\/\/profeblog.es\/blog\/\" target=\"_blank\">centenares de blogs curriculares<\/a>.<\/p>\n<p>Aunque  los integrantes de este proyecto han jugado un papel relevante en la  promoci\u00f3n\u00a0 y organizaci\u00f3n de encuentros sobre el uso de las TIC en  educaci\u00f3n, como es el caso del Primer Encuentro Andaluz de Blog  Educativos\u00a0 (<a rel=\"nofollow\" href=\"http:\/\/www.profeblog.es\/2009\/05\/07\/codigo-deontologico-para-eabe09\/\" target=\"_blank\">EABE09<\/a>)  que se celebr\u00f3 precisamente en Almer\u00eda, <strong>el sello caracter\u00edstico de PRoFeBLoG es<\/strong> sin duda,<strong> el blog curricular<\/strong>, denominaci\u00f3n que ha contribu\u00eddo a popularizar en la blogosfera educativa. Esta modalidad de bit\u00e1cora se caracteriza por estar <strong>dirigida a estudiantes<\/strong> de quienes recoge abundantes comentarios, proponer tareas y  actividades, ofrecer materiales curriculares propios y ajenos y poseer  una actividad que <strong>se prolonga durante m\u00e1s de un curso escolar<\/strong><\/p>\n<p>Desde  septiembre de 2009 <a rel=\"nofollow\" href=\"http:\/\/www.profeblog.es\/inscripcion\/\" target=\"_blank\">la inscripci\u00f3n<\/a> en esta plataforma ha dejado de ser automatizada y  requiere una solicitud previa que es atendida de inmediato una vez  comprobada la intenci\u00f3n del solicitante de utilizar el blog con sus  estudiantes.<!--more--><\/p>\n<p>Si bien inicialmente entre los objetivos de este  proyecto se encontraba la divulgaci\u00f3n de experiencias educativas con las  TIC a trav\u00e9s de un blog de \u00abtem\u00e1tica educativa\u00bb, en la actualidad esta  actividad ha sido interrumpida con la intenci\u00f3n de no a\u00f1adir m\u00e1s \u00abruido\u00bb  a la nube y porque nuestra dedicaci\u00f3n a las clases y los estudiantes  junto con la tarea de proporcionar ayuda y mantener <a rel=\"nofollow\" href=\"http:\/\/profeblog.es\/blog\/\" target=\"_blank\">los blogs<\/a> de  centenares de compa\u00f1eros y compa\u00f1eras que aprovechan este recurso para  trabajar, consume casi todas nuestras energ\u00edas.<a rel=\"nofollow\" href=\"http:\/\/www.profeblog.es\/\" target=\"_blank\">PRoFeBLoG<\/a> es un portal especializado en educaci\u00f3n que ofrece asesoramiento t\u00e9cnico y <strong>alojamiento gratuito para blogs de profesoras y profesores<\/strong>.  Se trata de un proyecto educativo que surge en el curso 2006\/07, se  consolida durante el a\u00f1o siguiente y constituye en la actualidad una  comunidad que aloja <a rel=\"nofollow\" href=\"http:\/\/profeblog.es\/blog\/\" target=\"_blank\">centenares de blogs curriculares<\/a><\/p>\n<p>Aunque  los integrantes de este proyecto han jugado un papel relevante en la  promoci\u00f3n\u00a0 y organizaci\u00f3n de encuentros sobre el uso de las TIC en  educaci\u00f3n, como es el caso del Primer Encuentro Andaluz de Blog  Educativos\u00a0 (<a rel=\"nofollow\" href=\"http:\/\/www.profeblog.es\/2009\/05\/07\/codigo-deontologico-para-eabe09\/\" target=\"_blank\">EABE09<\/a>)  que se celebr\u00f3 precisamente en Almer\u00eda, <strong>el sello caracter\u00edstico de PRoFeBLoG es<\/strong> sin duda,<strong> el blog curricular<\/strong>, denominaci\u00f3n que ha contribu\u00eddo a popularizar en la blogosfera educativa. Esta modalidad de bit\u00e1cora se caracteriza por estar <strong>dirigida a estudiantes<\/strong> de quienes recoge abundantes comentarios, proponer tareas y  actividades, ofrecer materiales curriculares propios y ajenos y poseer  una actividad que <strong>se prolonga durante m\u00e1s de un curso escolar<\/strong>.<\/p>\n<p>Desde  septiembre de 2009 <a rel=\"nofollow\" href=\"http:\/\/www.profeblog.es\/inscripcion\/\" target=\"_blank\">la inscripci\u00f3n<\/a> en esta plataforma ha dejado de ser automatizada y  requiere una solicitud previa que es atendida de inmediato una vez  comprobada la intenci\u00f3n del solicitante de utilizar el blog con sus  estudiantes.<\/p>\n<p>Si bien inicialmente entre los objetivos de este  proyecto se encontraba la divulgaci\u00f3n de experiencias educativas con las  TIC a trav\u00e9s de un blog de \u00abtem\u00e1tica educativa\u00bb, en la actualidad esta  actividad ha sido interrumpida con la intenci\u00f3n de no a\u00f1adir m\u00e1s \u00abruido\u00bb  a la nube y porque nuestra dedicaci\u00f3n a las clases y los estudiantes  junto con la tarea de proporcionar ayuda y mantener <a rel=\"nofollow\" href=\"http:\/\/profeblog.es\/blog\/\" target=\"_blank\">los blogs<\/a> de  centenares de compa\u00f1eros y compa\u00f1eras que aprovechan este recurso para  trabajar, consume casi todas nuestras energ\u00edas.<\/p>\n","protected":false},"excerpt":{"rendered":"<p>En la Mesa de grupos de docentes est\u00e1 Profeblog.es, una asociaci\u00f3n de profesores que se presentan con las siguientes palabras. PRoFeBLoG es un portal especializado en educaci\u00f3n que ofrece asesoramiento t\u00e9cnico y alojamiento gratuito para blogs de profesoras y profesores. Se trata de un proyecto educativo que surge en el curso 2006\/07, se consolida durante [&hellip;]<\/p>\n","protected":false},"author":12,"featured_media":0,"comment_status":"open","ping_status":"open","sticky":false,"template":"","format":"standard","meta":{"footnotes":""},"categories":[41],"tags":[],"class_list":["post-844","post","type-post","status-publish","format-standard","hentry","category-conferencias"],"_links":{"self":[{"href":"https:\/\/www.aulablog.com\/blog\/edublogs11\/wp-json\/wp\/v2\/posts\/844","targetHints":{"allow":["GET"]}}],"collection":[{"href":"https:\/\/www.aulablog.com\/blog\/edublogs11\/wp-json\/wp\/v2\/posts"}],"about":[{"href":"https:\/\/www.aulablog.com\/blog\/edublogs11\/wp-json\/wp\/v2\/types\/post"}],"author":[{"embeddable":true,"href":"https:\/\/www.aulablog.com\/blog\/edublogs11\/wp-json\/wp\/v2\/users\/12"}],"replies":[{"embeddable":true,"href":"https:\/\/www.aulablog.com\/blog\/edublogs11\/wp-json\/wp\/v2\/comments?post=844"}],"version-history":[{"count":23,"href":"https:\/\/www.aulablog.com\/blog\/edublogs11\/wp-json\/wp\/v2\/posts\/844\/revisions"}],"predecessor-version":[{"id":868,"href":"https:\/\/www.aulablog.com\/blog\/edublogs11\/wp-json\/wp\/v2\/posts\/844\/revisions\/868"}],"wp:attachment":[{"href":"https:\/\/www.aulablog.com\/blog\/edublogs11\/wp-json\/wp\/v2\/media?parent=844"}],"wp:term":[{"taxonomy":"category","embeddable":true,"href":"https:\/\/www.aulablog.com\/blog\/edublogs11\/wp-json\/wp\/v2\/categories?post=844"},{"taxonomy":"post_tag","embeddable":true,"href":"https:\/\/www.aulablog.com\/blog\/edublogs11\/wp-json\/wp\/v2\/tags?post=844"}],"curies":[{"name":"wp","href":"https:\/\/api.w.org\/{rel}","templated":true}]}}