{"id":892,"date":"2011-07-02T23:08:31","date_gmt":"2011-07-02T21:08:31","guid":{"rendered":"http:\/\/www.aulablog.com\/blog\/edublogs11\/?p=892"},"modified":"2011-07-02T23:23:17","modified_gmt":"2011-07-02T21:23:17","slug":"ultimos-preparativos-del-equipo-aulablog","status":"publish","type":"post","link":"https:\/\/www.aulablog.com\/blog\/edublogs11\/2011\/07\/02\/ultimos-preparativos-del-equipo-aulablog\/","title":{"rendered":"\u00daltimos preparativos del equipo Aulablog"},"content":{"rendered":"<p>Este s\u00e1bado por la ma\u00f1ana, dos d\u00edas antes del VI Encuentro Aulablog 2001, el Equipo Aulablog de Madrid hemos estado realizando los \u00faltimos preparativos para recibiros a los m\u00e1s de cien colegas y amigos que nos vamos a reunir los d\u00edas 4, 5 y 6 de julio. Hemos repasado los materiales, el programa, los talleres, las comunicaciones y las emisiones en <em>streaming<\/em>, con algunos contratiempos que achacamos a los duendes. Pero ya est\u00e1 todo preparado para el comienzo de nuestro gran evento educativo. Y como demostraci\u00f3n de que hemos estado trabajando como campeones, aqu\u00ed est\u00e1 la primera foto oficial del Encuentro que nos ha hecho un taxista que par\u00f3 por all\u00ed. S\u00f3lo \u00c1ngel S\u00e1ez estuvo atento para meter barriga, y a Charo no le hac\u00eda falta. Ah\u00ed estamos ataviados con la camiseta y el gorro del Encuentro. \u00a1Qu\u00e9 guapos!<\/p>\n<p><a rel=\"attachment wp-att-894\" href=\"https:\/\/www.aulablog.com\/blog\/edublogs11\/2011\/07\/02\/ultimos-preparativos-del-equipo-aulablog\/olympus-digital-camera\/\"><img loading=\"lazy\" decoding=\"async\" class=\"alignnone size-large wp-image-894\" title=\"Equipo Aulablog en la EOI\" src=\"https:\/\/www.aulablog.com\/blog\/edublogs11\/files\/2011\/07\/aulablogenses_eoi-797x1024.jpg\" alt=\"Equipo Aulablog en la EOI\" width=\"515\" height=\"661\" srcset=\"https:\/\/www.aulablog.com\/blog\/edublogs11\/files\/2011\/07\/aulablogenses_eoi-797x1024.jpg 797w, https:\/\/www.aulablog.com\/blog\/edublogs11\/files\/2011\/07\/aulablogenses_eoi-233x300.jpg 233w, https:\/\/www.aulablog.com\/blog\/edublogs11\/files\/2011\/07\/aulablogenses_eoi-250x320.jpg 250w, https:\/\/www.aulablog.com\/blog\/edublogs11\/files\/2011\/07\/aulablogenses_eoi-109x140.jpg 109w, https:\/\/www.aulablog.com\/blog\/edublogs11\/files\/2011\/07\/aulablogenses_eoi.jpg 1110w\" sizes=\"auto, (max-width: 515px) 100vw, 515px\" \/><\/a><\/p>\n<p>En esta foto faltan los tres aulablogueros del <em>streaming<\/em>, a quienes se les ver\u00e1 en pleno trabajo, con cervezas para mitigar el esfuerzo, en una de las siguientes fotos que ha hecho el que esto escribe y que muestran la dura jornada de trabajo que hemos pasado para que todo quede bien y bonito:<\/p>\n<p><embed type=\"application\/x-shockwave-flash\" width=\"520\" height=\"295\" src=\"https:\/\/picasaweb.google.com\/s\/c\/bin\/slideshow.swf\" flashvars=\"host=picasaweb.google.com&amp;noautoplay=1&amp;hl=es&amp;feat=flashalbum&amp;RGB=0x000000&amp;feed=https%3A%2F%2Fpicasaweb.google.com%2Fdata%2Ffeed%2Fapi%2Fuser%2Favalerofer%2Falbumid%2F5624823636718382353%3Falt%3Drss%26kind%3Dphoto%26hl%3Des\" pluginspage=\"http:\/\/www.macromedia.com\/go\/getflashplayer\"><\/embed><\/p>\n<p>Os esperamos. Ya ver\u00e9is lo bien que lo pasamos.<\/p>\n","protected":false},"excerpt":{"rendered":"<p>Este s\u00e1bado por la ma\u00f1ana, dos d\u00edas antes del VI Encuentro Aulablog 2001, el Equipo Aulablog de Madrid hemos estado realizando los \u00faltimos preparativos para recibiros a los m\u00e1s de cien colegas y amigos que nos vamos a reunir los d\u00edas 4, 5 y 6 de julio. Hemos repasado los materiales, el programa, los talleres, [&hellip;]<\/p>\n","protected":false},"author":12,"featured_media":0,"comment_status":"open","ping_status":"open","sticky":false,"template":"","format":"standard","meta":{"footnotes":""},"categories":[6],"tags":[],"class_list":["post-892","post","type-post","status-publish","format-standard","hentry","category-preparativos"],"_links":{"self":[{"href":"https:\/\/www.aulablog.com\/blog\/edublogs11\/wp-json\/wp\/v2\/posts\/892","targetHints":{"allow":["GET"]}}],"collection":[{"href":"https:\/\/www.aulablog.com\/blog\/edublogs11\/wp-json\/wp\/v2\/posts"}],"about":[{"href":"https:\/\/www.aulablog.com\/blog\/edublogs11\/wp-json\/wp\/v2\/types\/post"}],"author":[{"embeddable":true,"href":"https:\/\/www.aulablog.com\/blog\/edublogs11\/wp-json\/wp\/v2\/users\/12"}],"replies":[{"embeddable":true,"href":"https:\/\/www.aulablog.com\/blog\/edublogs11\/wp-json\/wp\/v2\/comments?post=892"}],"version-history":[{"count":18,"href":"https:\/\/www.aulablog.com\/blog\/edublogs11\/wp-json\/wp\/v2\/posts\/892\/revisions"}],"predecessor-version":[{"id":911,"href":"https:\/\/www.aulablog.com\/blog\/edublogs11\/wp-json\/wp\/v2\/posts\/892\/revisions\/911"}],"wp:attachment":[{"href":"https:\/\/www.aulablog.com\/blog\/edublogs11\/wp-json\/wp\/v2\/media?parent=892"}],"wp:term":[{"taxonomy":"category","embeddable":true,"href":"https:\/\/www.aulablog.com\/blog\/edublogs11\/wp-json\/wp\/v2\/categories?post=892"},{"taxonomy":"post_tag","embeddable":true,"href":"https:\/\/www.aulablog.com\/blog\/edublogs11\/wp-json\/wp\/v2\/tags?post=892"}],"curies":[{"name":"wp","href":"https:\/\/api.w.org\/{rel}","templated":true}]}}