{"id":1184,"date":"2019-07-14T16:51:38","date_gmt":"2019-07-14T16:51:38","guid":{"rendered":"http:\/\/www.aulablog.com\/blog\/encuentro14\/?p=1184"},"modified":"2019-07-14T17:11:25","modified_gmt":"2019-07-14T17:11:25","slug":"cronica-del-encuentro","status":"publish","type":"post","link":"https:\/\/www.aulablog.com\/blog\/encuentro14\/2019\/07\/14\/cronica-del-encuentro\/","title":{"rendered":"Cr\u00f3nica del Encuentro"},"content":{"rendered":"\n<blockquote class=\"wp-block-quote is-layout-flow wp-block-quote-is-layout-flow\"><p><strong>Cr\u00f3nica del Encuentro escrito por @nievescout y publicado originalmente en el blog del Nodo Astur de aulaBLOG.<\/strong><\/p><cite><a href=\"http:\/\/nodoastur.aulablog.com\/xiv-encuentro-aulablog\/\">http:\/\/nodoastur.aulablog.com\/xiv-encuentro-aulablog\/<\/a><\/cite><\/blockquote>\n\n\n\n<hr class=\"wp-block-separator\"\/>\n\n\n\n<p>Los d\u00edas 5, 6 y 7 de julio de 2019 celebramos en Oviedo el XIV encuentro aulaBLOG, ahora, que las emociones se van asentando, voy a intentar plasmar humildemente una cr\u00f3nica del Encuentro.Cuando hace un a\u00f1o, traje el testigo de organizar el Encuentro, se extend\u00edan casi 365 d\u00edas ante nosotras, ante el equipo formado por mis queridas Luc\u00eda y Carmen, este equipo ovetense que lleva trabajando varios a\u00f1os mano a mano y que recib\u00eda este encargo con enorme ilusi\u00f3n.\n<!-- more Seguir leyendo este art\u00edculo --><\/p>\n\n\n\n<figure class=\"wp-block-image\"><img decoding=\"async\" src=\"http:\/\/nodoastur.aulablog.com\/wp-content\/uploads\/2019\/07\/48243645486_6dc0227b9d_o-1024x683.jpg\" alt=\"\"\/><figcaption><em>La Regenta teatralizada. \u00abPeregrinando Asturias\u00bb<\/em><\/figcaption><\/figure>\n\n\n\n<p>La organizaci\u00f3n del XIV Encuentro aulaBLOG se fue construyendo desde la confianza en nuestras fortalezas, desde la experiencia acumulada, y buscando el apoyo de instituciones y personas.<\/p>\n\n\n\n<p>Queremos agradecer profundamente desde aqu\u00ed, el apoyo del <strong>CPR de Oviedo<\/strong>, que desde el minuto uno, puso a nuestra disposici\u00f3n sus instalaciones para el encuentro, a Maite Alonso, su directora, que gestion\u00f3 la implicaci\u00f3n del <strong>IES Leopoldo Alas Clar\u00edn<\/strong>, a cuyo equipo directivo agradecemos infinito que nos permitieran tener ese precioso marco de inauguraci\u00f3n. Queremos dar tambi\u00e9n un agradecimiento especial al <strong>Ayuntamiento de Oviedo<\/strong>,  que nos dio la posibilidad de acercarnos al Oviedo de Clar\u00edn, a la Vetusta  de la Regenta, de la mano de Peregrinando Asturias que nos ofreci\u00f3 una magn\u00edfica ruta teatralizada. As\u00ed mismo, el Ayuntamiento nos ofreci\u00f3 para la inauguraci\u00f3n del encuentro a la Banda de gaitas, que a m\u00e1s de uno y una puso la piel de gallina e hizo que nos emocion\u00e1ramos. Y para el colof\u00f3n final, nos ofreci\u00f3 la preciosa plaza del Ayuntamiento para la batucada y polka final, a la cual asisti\u00f3 el alcalde, al que agradecemos de coraz\u00f3n el gesto y la implicaci\u00f3n.<\/p>\n\n\n\n<p>Nuestro <strong>Nodo Astur<\/strong> brill\u00f3 con luz propia , gracias a nuestros talleristas de lujo, Alberto, Sonia, Rosana y Honorino ( al que deseamos incorporar al nodo astur), ofreciendo su trabajo en este encuentro. El proyecto estrella del Nodo Astur en este curso, la caja creativa de Aulablog, tambi\u00e9n tuvo su espacio en el encuentro. La Caja Ceativa es una semilla germinada en Oviedo pero, estamos seguras, ser\u00e1 extensible a otros Nodos. <\/p>\n\n\n\n<div class=\"wp-block-image\"><figure class=\"aligncenter is-resized\"><img loading=\"lazy\" decoding=\"async\" src=\"http:\/\/nodoastur.aulablog.com\/wp-content\/uploads\/2019\/07\/fdbd00b8-2745-4680-aa37-4662ebbf38c4-2-1024x1024.jpg\" alt=\"\" class=\"wp-image-274\" width=\"274\" height=\"274\"\/><figcaption>logo Nodo Astur by Lucia Alvarez<\/figcaption><\/figure><\/div>\n\n\n\n<p>Y por supuesto gracias a Lucia ya que toda la parte de dise\u00f1o gr\u00e1fico y  logos ha sido obra suya.<\/p>\n\n\n\n<p>Los 365 d\u00edas fueron pasando , la Junta de Aulablog se desplaz\u00f3 en Febrero a Oviedo para apoyar y ayudar en algunas tareas organizativas, y ah\u00ed la familia Aulablog se implic\u00f3 en la aportaci\u00f3n de talleres, el de Abraham, Adela, Javier y Alberto, cerraron el bloque del s\u00e1bado. <\/p>\n\n\n\n<p>Y comienza la cuenta atr\u00e1s, cierre de comidas y cenas, cambios de \u00faltima hora, recepci\u00f3n de materiales, camisetas, llegaban los productos finales, control\u00e1bamos que todo funcionase, que todo estuviese a punto, montamos la mesa dedicada a Asturias, la mesa de la sidra y manzanas, y nos dispusimos a la espera de la familia.<\/p>\n\n\n\n<div class=\"wp-block-image\"><figure class=\"alignleft is-resized\"><img loading=\"lazy\" decoding=\"async\" src=\"http:\/\/nodoastur.aulablog.com\/wp-content\/uploads\/2019\/07\/IMG_8975-1024x683.jpg\" alt=\"\" class=\"wp-image-275\" width=\"691\" height=\"460\"\/><figcaption>Isidrin da la bienvenida <\/figcaption><\/figure><\/div>\n\n\n\n<p>La inauguraci\u00f3n fue realmente impresionante, los invitados acudieron y no defraudaron, la moderadora de mesa y directora del CPR, D\u00aa. Maite Alondso, supo guiar a la perfecci\u00f3n la din\u00e1mica de la misma , dando paso al director del IES Clar\u00edn, D. Alfonso Fern\u00e1ndez garc\u00eda, al concejal de educaci\u00f3n, D. Jose Luis Costillas Guti\u00e9rrez, al Director General de Ordenaci\u00f3n Acad\u00e9mica e Innovaci\u00f3n Educativa, D. Francisco \u00d3scar Laviana Corte y al presidente de Aulablog, Isidro Vidal. Todos y cada uno de ellos mostraron su satisfacci\u00f3n por el encuentro y nos desearon unos magn\u00edficos d\u00edas. <\/p>\n\n\n\n<p>A continuaci\u00f3n, la Banda de gaitas Ciudad de Oviedo hizo su entrada en el sal\u00f3n d\u00e9jando a los asistentes boquiabiertos y entusiasmados, nos deleitaron con una piezas y cerraron el acto con el Himno de Asturias, que hizo al p\u00fablico, puesto en pie, emocionarse.<\/p>\n\n\n\n<p><\/p>\n\n\n\n<div class=\"wp-block-image\"><figure class=\"aligncenter is-resized\"><img loading=\"lazy\" decoding=\"async\" src=\"http:\/\/nodoastur.aulablog.com\/wp-content\/uploads\/2019\/07\/IMG_8962-1-1024x683.jpg\" alt=\"\" class=\"wp-image-273\" width=\"701\" height=\"464\"\/><figcaption>Gaitera de Banda de gaitas \u00abCiudad de oviedo\u00bb<\/figcaption><\/figure><\/div>\n\n\n\n<p>A continuaci\u00f3n, Mabel Villaescusa nos hizo la ponencia inaugural abri\u00e9ndonos un campo \u00f3ptico acerca de la inclusi\u00f3n. Palabras acertadas y atinadas sobre este cambio de mirada sobre el alumnado. <\/p>\n\n\n\n<div class=\"wp-block-image\"><figure class=\"aligncenter is-resized\"><img loading=\"lazy\" decoding=\"async\" src=\"http:\/\/nodoastur.aulablog.com\/wp-content\/uploads\/2019\/07\/IMG_8869-1024x768.jpg\" alt=\"\" class=\"wp-image-281\" width=\"697\" height=\"521\"\/><figcaption>Nodo Astur<\/figcaption><\/figure><\/div>\n\n\n\n<div class=\"wp-block-image\"><figure class=\"aligncenter is-resized\"><img loading=\"lazy\" decoding=\"async\" src=\"http:\/\/nodoastur.aulablog.com\/wp-content\/uploads\/2019\/07\/IMG_0147-1024x768.jpg\" alt=\"\" class=\"wp-image-280\" width=\"690\" height=\"517\"\/><figcaption>Mabel Villaescusa<\/figcaption><\/figure><\/div>\n\n\n\n<p><\/p>\n\n\n\n<p>La jornada  del viernes continu\u00f3 con una desconferencia por equipos, en la cual se debatieron temas de  actualidad  e inter\u00e9s educativo con el objeto de llegar a acuerdos y poder consensuar un manifiesto por la educaci\u00f3n.<\/p>\n\n\n\n<p><\/p>\n\n\n\n<p>Finalizamos la jornada de trabajo, y celebramos una tradicional \u00abespicha\u00bb asturiana, no sin antes realizar el primer ensayo de la batucada.<\/p>\n\n\n\n<div class=\"wp-block-image\"><figure class=\"aligncenter is-resized\"><img loading=\"lazy\" decoding=\"async\" src=\"http:\/\/nodoastur.aulablog.com\/wp-content\/uploads\/2019\/07\/48243459826_61729567b4_o-1024x683.jpg\" alt=\"\" class=\"wp-image-282\" width=\"678\" height=\"450\"\/><figcaption>Grupo de debate en la \u00abdesconferencia\u00bb<\/figcaption><\/figure><\/div>\n\n\n\n<div class=\"wp-block-image\"><figure class=\"aligncenter is-resized\"><img loading=\"lazy\" decoding=\"async\" src=\"http:\/\/nodoastur.aulablog.com\/wp-content\/uploads\/2019\/07\/48243532457_985790860a_o-1024x683.jpg\" alt=\"\" class=\"wp-image-283\" width=\"681\" height=\"452\"\/><figcaption>Ensayo de la \u00abbatukada\u00bb<\/figcaption><\/figure><\/div>\n\n\n\n<p>El s\u00e1bado comenzamos la segunda jornada con el \u00abJuego de Nodos\u00bb, una manera original, divertida y activa de presentar las actividades realizadas por cada uno de los Nodos de Aulablog en el territorio nacional. Cada Nodo prepar\u00f3 un poster y video, as\u00ed como una prueba , que a modo de CLUEDO, deb\u00edan resolver todos los participantes para encontrar el manuscrito robado de  \u00abLa Regenta\u00bb.<\/p>\n\n\n\n<ul class=\"wp-block-gallery columns-1 is-cropped wp-block-gallery-1 is-layout-flex wp-block-gallery-is-layout-flex\"><li class=\"blocks-gallery-item\"><figure><img decoding=\"async\" src=\"http:\/\/nodoastur.aulablog.com\/wp-content\/uploads\/2019\/07\/IMG_8994-1024x768.jpg\" alt=\"\" data-id=\"287\" data-link=\"http:\/\/nodoastur.aulablog.com\/xiv-encuentro-aulablog\/img_8994\/\" class=\"wp-image-287\"\/><\/figure><\/li><\/ul>\n\n\n\n<p>Metidos en su papel, cada representante de los Nodos se encargaba de plantear la prueba, comprobar la ejecuci\u00f3n de la misma y entregar la pista al equipo. Nuestro NODO estuvo capitaneado por Andr\u00e9s y Eva, los cuales totalmente metidos en el papel de \u00abcura\u00bb y \u00abama de cura\u00bb, realizaron \u00abconfesiones\u00bb a los equipos y escondieron nuestra Caja Creativa, la cual deber\u00eda ser fotografiada una vez encontrada, claro est\u00e1 &#8230; \u00e9sta ten\u00eda que ser una fotograf\u00eda creativa.<\/p>\n\n\n\n<div class=\"wp-block-image\"><figure class=\"aligncenter is-resized\"><img loading=\"lazy\" decoding=\"async\" src=\"http:\/\/nodoastur.aulablog.com\/wp-content\/uploads\/2019\/07\/Captura-de-pantalla-2019-07-10-a-las-21.15.49-1.png\" alt=\"\" class=\"wp-image-291\" width=\"417\" height=\"475\"\/><figcaption>Juego de Nodos. Nodo Astur y la Caja Creativa<\/figcaption><\/figure><\/div>\n\n\n\n<p>Tras la actividad del Juego de Nodos, dimos paso a los Talleres. 12 Talleres repartidos en la jornada de la ma\u00f1ana y de la tarde. Seis de ellos fueron impartidos por ponentes locales y miembros de nuestro NODO.<\/p>\n\n\n\n<p><strong>Taller \u00abAfinando silencios\u00bb de <em>Honorino Garc\u00eda<\/em><\/strong><\/p>\n\n\n\n<ul class=\"wp-block-gallery columns-3 is-cropped wp-block-gallery-2 is-layout-flex wp-block-gallery-is-layout-flex\"><li class=\"blocks-gallery-item\"><figure><img decoding=\"async\" src=\"http:\/\/nodoastur.aulablog.com\/wp-content\/uploads\/2019\/07\/48244806746_3e21677b76_o-1024x683.jpg\" alt=\"\" data-id=\"292\" data-link=\"http:\/\/nodoastur.aulablog.com\/xiv-encuentro-aulablog\/48244806746_3e21677b76_o\/\" class=\"wp-image-292\"\/><\/figure><\/li><li class=\"blocks-gallery-item\"><figure><img decoding=\"async\" src=\"http:\/\/nodoastur.aulablog.com\/wp-content\/uploads\/2019\/07\/48244808251_55e32256b8_o-1024x683.jpg\" alt=\"\" data-id=\"293\" data-link=\"http:\/\/nodoastur.aulablog.com\/xiv-encuentro-aulablog\/48244808251_55e32256b8_o\/\" class=\"wp-image-293\"\/><\/figure><\/li><li class=\"blocks-gallery-item\"><figure><img decoding=\"async\" src=\"http:\/\/nodoastur.aulablog.com\/wp-content\/uploads\/2019\/07\/48244819491_ac71f640e1_o-1024x683.jpg\" alt=\"\" data-id=\"294\" data-link=\"http:\/\/nodoastur.aulablog.com\/xiv-encuentro-aulablog\/48244819491_ac71f640e1_o\/\" class=\"wp-image-294\"\/><\/figure><\/li><li class=\"blocks-gallery-item\"><figure><img decoding=\"async\" src=\"http:\/\/nodoastur.aulablog.com\/wp-content\/uploads\/2019\/07\/48244820786_30d687bf3d_o-1024x683.jpg\" alt=\"\" data-id=\"295\" data-link=\"http:\/\/nodoastur.aulablog.com\/xiv-encuentro-aulablog\/48244820786_30d687bf3d_o\/\" class=\"wp-image-295\"\/><\/figure><\/li><li class=\"blocks-gallery-item\"><figure><img decoding=\"async\" src=\"http:\/\/nodoastur.aulablog.com\/wp-content\/uploads\/2019\/07\/48244827921_192b219fcc_o-1024x683.jpg\" alt=\"\" data-id=\"297\" data-link=\"http:\/\/nodoastur.aulablog.com\/xiv-encuentro-aulablog\/48244827921_192b219fcc_o\/\" class=\"wp-image-297\"\/><\/figure><\/li><li class=\"blocks-gallery-item\"><figure><img decoding=\"async\" src=\"http:\/\/nodoastur.aulablog.com\/wp-content\/uploads\/2019\/07\/48244830421_eec55c3f27_o-1024x683.jpg\" alt=\"\" data-id=\"298\" data-link=\"http:\/\/nodoastur.aulablog.com\/xiv-encuentro-aulablog\/48244830421_eec55c3f27_o\/\" class=\"wp-image-298\"\/><\/figure><\/li><li class=\"blocks-gallery-item\"><figure><img decoding=\"async\" src=\"http:\/\/nodoastur.aulablog.com\/wp-content\/uploads\/2019\/07\/48244891267_fc3bde00ce_o-1024x683.jpg\" alt=\"\" data-id=\"299\" data-link=\"http:\/\/nodoastur.aulablog.com\/xiv-encuentro-aulablog\/48244891267_fc3bde00ce_o\/\" class=\"wp-image-299\"\/><\/figure><\/li><li class=\"blocks-gallery-item\"><figure><img decoding=\"async\" src=\"http:\/\/nodoastur.aulablog.com\/wp-content\/uploads\/2019\/07\/48244908797_6401624d49_o-1024x683.jpg\" alt=\"\" data-id=\"300\" data-link=\"http:\/\/nodoastur.aulablog.com\/xiv-encuentro-aulablog\/48244908797_6401624d49_o\/\" class=\"wp-image-300\"\/><\/figure><\/li><li class=\"blocks-gallery-item\"><figure><img decoding=\"async\" src=\"http:\/\/nodoastur.aulablog.com\/wp-content\/uploads\/2019\/07\/48244831601_be95e4baf6_o-1024x683.jpg\" alt=\"\" data-id=\"313\" data-link=\"http:\/\/nodoastur.aulablog.com\/xiv-encuentro-aulablog\/48244831601_be95e4baf6_o\/\" class=\"wp-image-313\"\/><\/figure><\/li><li class=\"blocks-gallery-item\"><figure><img decoding=\"async\" src=\"http:\/\/nodoastur.aulablog.com\/wp-content\/uploads\/2019\/07\/48244824041_98f04158fd_o-1-1024x683.jpg\" alt=\"\" data-id=\"314\" data-link=\"http:\/\/nodoastur.aulablog.com\/xiv-encuentro-aulablog\/48244824041_98f04158fd_o-2\/\" class=\"wp-image-314\"\/><\/figure><\/li><li class=\"blocks-gallery-item\"><figure><img decoding=\"async\" src=\"http:\/\/nodoastur.aulablog.com\/wp-content\/uploads\/2019\/07\/48244832821_47aaaf4733_o-1024x683.jpg\" alt=\"\" data-id=\"315\" data-link=\"http:\/\/nodoastur.aulablog.com\/xiv-encuentro-aulablog\/48244832821_47aaaf4733_o\/\" class=\"wp-image-315\"\/><\/figure><\/li><li class=\"blocks-gallery-item\"><figure><img decoding=\"async\" src=\"http:\/\/nodoastur.aulablog.com\/wp-content\/uploads\/2019\/07\/bdd69562-375a-4476-b097-ec8d68e9d026-1024x768.jpg\" alt=\"\" data-id=\"316\" data-link=\"http:\/\/nodoastur.aulablog.com\/xiv-encuentro-aulablog\/bdd69562-375a-4476-b097-ec8d68e9d026\/\" class=\"wp-image-316\"\/><\/figure><\/li><\/ul>\n\n\n\n<p><strong>Taller de Radio de <em>Alberto Garc\u00eda<\/em><\/strong><\/p>\n\n\n\n<ul class=\"wp-block-gallery columns-3 is-cropped wp-block-gallery-3 is-layout-flex wp-block-gallery-is-layout-flex\"><li class=\"blocks-gallery-item\"><figure><img decoding=\"async\" src=\"http:\/\/nodoastur.aulablog.com\/wp-content\/uploads\/2019\/07\/48244839671_bb338fb359_o-1024x683.jpg\" alt=\"\" data-id=\"301\" data-link=\"http:\/\/nodoastur.aulablog.com\/xiv-encuentro-aulablog\/48244839671_bb338fb359_o\/\" class=\"wp-image-301\"\/><\/figure><\/li><li class=\"blocks-gallery-item\"><figure><img decoding=\"async\" src=\"http:\/\/nodoastur.aulablog.com\/wp-content\/uploads\/2019\/07\/48244843811_2738207fc2_o-1024x683.jpg\" alt=\"\" data-id=\"302\" data-link=\"http:\/\/nodoastur.aulablog.com\/xiv-encuentro-aulablog\/48244843811_2738207fc2_o\/\" class=\"wp-image-302\"\/><\/figure><\/li><li class=\"blocks-gallery-item\"><figure><img decoding=\"async\" src=\"http:\/\/nodoastur.aulablog.com\/wp-content\/uploads\/2019\/07\/48244923952_00d2904d83_o-1024x683.jpg\" alt=\"\" data-id=\"308\" data-link=\"http:\/\/nodoastur.aulablog.com\/xiv-encuentro-aulablog\/48244923952_00d2904d83_o\/\" class=\"wp-image-308\"\/><\/figure><\/li><li class=\"blocks-gallery-item\"><figure><img decoding=\"async\" src=\"http:\/\/nodoastur.aulablog.com\/wp-content\/uploads\/2019\/07\/48244926887_2acfcc035e_o-1024x683.jpg\" alt=\"\" data-id=\"309\" data-link=\"http:\/\/nodoastur.aulablog.com\/xiv-encuentro-aulablog\/48244926887_2acfcc035e_o\/\" class=\"wp-image-309\"\/><\/figure><\/li><li class=\"blocks-gallery-item\"><figure><img decoding=\"async\" src=\"http:\/\/nodoastur.aulablog.com\/wp-content\/uploads\/2019\/07\/48244915397_498238b885_o-1024x683.jpg\" alt=\"\" data-id=\"312\" data-link=\"http:\/\/nodoastur.aulablog.com\/xiv-encuentro-aulablog\/48244915397_498238b885_o\/\" class=\"wp-image-312\"\/><\/figure><\/li><li class=\"blocks-gallery-item\"><figure><img decoding=\"async\" src=\"http:\/\/nodoastur.aulablog.com\/wp-content\/uploads\/2019\/07\/48244920722_3ca8bcfe52_o-1024x683.jpg\" alt=\"\" data-id=\"321\" data-link=\"http:\/\/nodoastur.aulablog.com\/xiv-encuentro-aulablog\/48244920722_3ca8bcfe52_o\/\" class=\"wp-image-321\"\/><\/figure><\/li><li class=\"blocks-gallery-item\"><figure><img decoding=\"async\" src=\"http:\/\/nodoastur.aulablog.com\/wp-content\/uploads\/2019\/07\/48244836091_b1827a7ce7_o-1024x683.jpg\" alt=\"\" data-id=\"322\" data-link=\"http:\/\/nodoastur.aulablog.com\/xiv-encuentro-aulablog\/48244836091_b1827a7ce7_o\/\" class=\"wp-image-322\"\/><\/figure><\/li><li class=\"blocks-gallery-item\"><figure><img decoding=\"async\" src=\"http:\/\/nodoastur.aulablog.com\/wp-content\/uploads\/2019\/07\/48244923952_00d2904d83_o-1-1024x683.jpg\" alt=\"\" data-id=\"323\" data-link=\"http:\/\/nodoastur.aulablog.com\/xiv-encuentro-aulablog\/48244923952_00d2904d83_o-2\/\" class=\"wp-image-323\"\/><\/figure><\/li><li class=\"blocks-gallery-item\"><figure><img decoding=\"async\" src=\"http:\/\/nodoastur.aulablog.com\/wp-content\/uploads\/2019\/07\/48244926887_2acfcc035e_o-1-1024x683.jpg\" alt=\"\" data-id=\"324\" data-link=\"http:\/\/nodoastur.aulablog.com\/xiv-encuentro-aulablog\/48244926887_2acfcc035e_o-2\/\" class=\"wp-image-324\"\/><\/figure><\/li><li class=\"blocks-gallery-item\"><figure><img decoding=\"async\" src=\"http:\/\/nodoastur.aulablog.com\/wp-content\/uploads\/2019\/07\/IMG_0188-1024x768.jpg\" alt=\"\" data-id=\"325\" data-link=\"http:\/\/nodoastur.aulablog.com\/xiv-encuentro-aulablog\/img_0188\/\" class=\"wp-image-325\"\/><\/figure><\/li><li class=\"blocks-gallery-item\"><figure><img decoding=\"async\" src=\"http:\/\/nodoastur.aulablog.com\/wp-content\/uploads\/2019\/07\/IMG_0184-1024x768.jpg\" alt=\"\" data-id=\"326\" data-link=\"http:\/\/nodoastur.aulablog.com\/xiv-encuentro-aulablog\/img_0184\/\" class=\"wp-image-326\"\/><\/figure><\/li><li class=\"blocks-gallery-item\"><figure><img decoding=\"async\" src=\"http:\/\/nodoastur.aulablog.com\/wp-content\/uploads\/2019\/07\/IMG_0183.jpg\" alt=\"\" data-id=\"327\" data-link=\"http:\/\/nodoastur.aulablog.com\/xiv-encuentro-aulablog\/img_0183\/\" class=\"wp-image-327\"\/><\/figure><\/li><\/ul>\n\n\n\n<p><strong>Taller de Arduino y pensamiento computacional de <em>Rosana<\/em><\/strong><\/p>\n\n\n\n<ul class=\"wp-block-gallery columns-3 is-cropped wp-block-gallery-4 is-layout-flex wp-block-gallery-is-layout-flex\"><li class=\"blocks-gallery-item\"><figure><img decoding=\"async\" src=\"http:\/\/nodoastur.aulablog.com\/wp-content\/uploads\/2019\/07\/48244882347_e431b53b10_o-1-1024x683.jpg\" alt=\"\" data-id=\"304\" data-link=\"http:\/\/nodoastur.aulablog.com\/xiv-encuentro-aulablog\/48244882347_e431b53b10_o-2\/\" class=\"wp-image-304\"\/><\/figure><\/li><li class=\"blocks-gallery-item\"><figure><img decoding=\"async\" src=\"http:\/\/nodoastur.aulablog.com\/wp-content\/uploads\/2019\/07\/48244884472_3cf2f17cf6_o-1024x683.jpg\" alt=\"\" data-id=\"305\" data-link=\"http:\/\/nodoastur.aulablog.com\/xiv-encuentro-aulablog\/48244884472_3cf2f17cf6_o\/\" class=\"wp-image-305\"\/><\/figure><\/li><li class=\"blocks-gallery-item\"><figure><img decoding=\"async\" src=\"http:\/\/nodoastur.aulablog.com\/wp-content\/uploads\/2019\/07\/48244886282_5f8628f1b9_o-1024x683.jpg\" alt=\"\" data-id=\"306\" data-link=\"http:\/\/nodoastur.aulablog.com\/xiv-encuentro-aulablog\/48244886282_5f8628f1b9_o\/\" class=\"wp-image-306\"\/><\/figure><\/li><li class=\"blocks-gallery-item\"><figure><img decoding=\"async\" src=\"http:\/\/nodoastur.aulablog.com\/wp-content\/uploads\/2019\/07\/48244887962_751c9dc12e_o-1024x683.jpg\" alt=\"\" data-id=\"307\" data-link=\"http:\/\/nodoastur.aulablog.com\/xiv-encuentro-aulablog\/48244887962_751c9dc12e_o\/\" class=\"wp-image-307\"\/><\/figure><\/li><li class=\"blocks-gallery-item\"><figure><img decoding=\"async\" src=\"http:\/\/nodoastur.aulablog.com\/wp-content\/uploads\/2019\/07\/48244789946_5e2f9222ae_o-1024x683.jpg\" alt=\"\" data-id=\"317\" data-link=\"http:\/\/nodoastur.aulablog.com\/xiv-encuentro-aulablog\/48244789946_5e2f9222ae_o\/\" class=\"wp-image-317\"\/><\/figure><\/li><li class=\"blocks-gallery-item\"><figure><img decoding=\"async\" src=\"http:\/\/nodoastur.aulablog.com\/wp-content\/uploads\/2019\/07\/48244878012_716e097622_o-1024x683.jpg\" alt=\"\" data-id=\"318\" data-link=\"http:\/\/nodoastur.aulablog.com\/xiv-encuentro-aulablog\/48244878012_716e097622_o\/\" class=\"wp-image-318\"\/><\/figure><\/li><li class=\"blocks-gallery-item\"><figure><img decoding=\"async\" src=\"http:\/\/nodoastur.aulablog.com\/wp-content\/uploads\/2019\/07\/48244884472_3cf2f17cf6_o-1-1024x683.jpg\" alt=\"\" data-id=\"319\" data-link=\"http:\/\/nodoastur.aulablog.com\/xiv-encuentro-aulablog\/48244884472_3cf2f17cf6_o-2\/\" class=\"wp-image-319\"\/><\/figure><\/li><li class=\"blocks-gallery-item\"><figure><img decoding=\"async\" src=\"http:\/\/nodoastur.aulablog.com\/wp-content\/uploads\/2019\/07\/48244889392_719a379bbc_o-1024x683.jpg\" alt=\"\" data-id=\"320\" data-link=\"http:\/\/nodoastur.aulablog.com\/xiv-encuentro-aulablog\/48244889392_719a379bbc_o\/\" class=\"wp-image-320\"\/><\/figure><\/li><li class=\"blocks-gallery-item\"><figure><img decoding=\"async\" src=\"http:\/\/nodoastur.aulablog.com\/wp-content\/uploads\/2019\/07\/48244879852_5b3abefedc_o-1024x683.jpg\" alt=\"\" data-id=\"328\" data-link=\"http:\/\/nodoastur.aulablog.com\/xiv-encuentro-aulablog\/48244879852_5b3abefedc_o\/\" class=\"wp-image-328\"\/><\/figure><\/li><\/ul>\n\n\n\n<p><strong>Taller la \u00abCaja Creativa\u00bb de<em> Luc\u00eda Alvarez<\/em> y <em>Nieves Garc\u00eda<\/em><\/strong><\/p>\n\n\n\n<ul class=\"wp-block-gallery columns-3 is-cropped wp-block-gallery-5 is-layout-flex wp-block-gallery-is-layout-flex\"><li class=\"blocks-gallery-item\"><figure><img decoding=\"async\" src=\"http:\/\/nodoastur.aulablog.com\/wp-content\/uploads\/2019\/07\/48244942256_f904af83a1_o-1024x683.jpg\" alt=\"\" data-id=\"329\" data-link=\"http:\/\/nodoastur.aulablog.com\/xiv-encuentro-aulablog\/48244942256_f904af83a1_o\/\" class=\"wp-image-329\"\/><\/figure><\/li><li class=\"blocks-gallery-item\"><figure><img decoding=\"async\" src=\"http:\/\/nodoastur.aulablog.com\/wp-content\/uploads\/2019\/07\/48244946056_bf731899f5_o-1024x683.jpg\" alt=\"\" data-id=\"330\" data-link=\"http:\/\/nodoastur.aulablog.com\/xiv-encuentro-aulablog\/48244946056_bf731899f5_o\/\" class=\"wp-image-330\"\/><\/figure><\/li><li class=\"blocks-gallery-item\"><figure><img decoding=\"async\" src=\"http:\/\/nodoastur.aulablog.com\/wp-content\/uploads\/2019\/07\/48245007996_249da180df_o-1024x683.jpg\" alt=\"\" data-id=\"331\" data-link=\"http:\/\/nodoastur.aulablog.com\/xiv-encuentro-aulablog\/48245007996_249da180df_o\/\" class=\"wp-image-331\"\/><\/figure><\/li><li class=\"blocks-gallery-item\"><figure><img decoding=\"async\" src=\"http:\/\/nodoastur.aulablog.com\/wp-content\/uploads\/2019\/07\/48245018526_31fdcff9b2_o-1024x683.jpg\" alt=\"\" data-id=\"332\" data-link=\"http:\/\/nodoastur.aulablog.com\/xiv-encuentro-aulablog\/48245018526_31fdcff9b2_o\/\" class=\"wp-image-332\"\/><\/figure><\/li><li class=\"blocks-gallery-item\"><figure><img decoding=\"async\" src=\"http:\/\/nodoastur.aulablog.com\/wp-content\/uploads\/2019\/07\/48245021916_b9f83bba74_o-1024x683.jpg\" alt=\"\" data-id=\"333\" data-link=\"http:\/\/nodoastur.aulablog.com\/xiv-encuentro-aulablog\/48245021916_b9f83bba74_o\/\" class=\"wp-image-333\"\/><\/figure><\/li><li class=\"blocks-gallery-item\"><figure><img decoding=\"async\" src=\"http:\/\/nodoastur.aulablog.com\/wp-content\/uploads\/2019\/07\/48245031052_bd465802c5_o-1024x683.jpg\" alt=\"\" data-id=\"334\" data-link=\"http:\/\/nodoastur.aulablog.com\/xiv-encuentro-aulablog\/48245031052_bd465802c5_o\/\" class=\"wp-image-334\"\/><\/figure><\/li><li class=\"blocks-gallery-item\"><figure><img decoding=\"async\" src=\"http:\/\/nodoastur.aulablog.com\/wp-content\/uploads\/2019\/07\/48245037081_5ff79aee41_o-1024x683.jpg\" alt=\"\" data-id=\"335\" data-link=\"http:\/\/nodoastur.aulablog.com\/xiv-encuentro-aulablog\/48245037081_5ff79aee41_o\/\" class=\"wp-image-335\"\/><\/figure><\/li><li class=\"blocks-gallery-item\"><figure><img decoding=\"async\" src=\"http:\/\/nodoastur.aulablog.com\/wp-content\/uploads\/2019\/07\/48245063166_e1cd3dc831_o-1024x683.jpg\" alt=\"\" data-id=\"336\" data-link=\"http:\/\/nodoastur.aulablog.com\/xiv-encuentro-aulablog\/48245063166_e1cd3dc831_o\/\" class=\"wp-image-336\"\/><\/figure><\/li><li class=\"blocks-gallery-item\"><figure><img decoding=\"async\" src=\"http:\/\/nodoastur.aulablog.com\/wp-content\/uploads\/2019\/07\/48245081912_6232577cac_o-1024x683.jpg\" alt=\"\" data-id=\"337\" data-link=\"http:\/\/nodoastur.aulablog.com\/xiv-encuentro-aulablog\/48245081912_6232577cac_o\/\" class=\"wp-image-337\"\/><\/figure><\/li><li class=\"blocks-gallery-item\"><figure><img decoding=\"async\" src=\"http:\/\/nodoastur.aulablog.com\/wp-content\/uploads\/2019\/07\/48245084362_cfe5986ac4_o-1024x683.jpg\" alt=\"\" data-id=\"338\" data-link=\"http:\/\/nodoastur.aulablog.com\/xiv-encuentro-aulablog\/48245084362_cfe5986ac4_o\/\" class=\"wp-image-338\"\/><\/figure><\/li><li class=\"blocks-gallery-item\"><figure><img decoding=\"async\" src=\"http:\/\/nodoastur.aulablog.com\/wp-content\/uploads\/2019\/07\/48245090902_acf232408e_o-1024x683.jpg\" alt=\"\" data-id=\"339\" data-link=\"http:\/\/nodoastur.aulablog.com\/xiv-encuentro-aulablog\/48245090902_acf232408e_o\/\" class=\"wp-image-339\"\/><\/figure><\/li><li class=\"blocks-gallery-item\"><figure><img decoding=\"async\" src=\"http:\/\/nodoastur.aulablog.com\/wp-content\/uploads\/2019\/07\/48245091907_b8d5fae616_o-1024x683.jpg\" alt=\"\" data-id=\"340\" data-link=\"http:\/\/nodoastur.aulablog.com\/xiv-encuentro-aulablog\/48245091907_b8d5fae616_o\/\" class=\"wp-image-340\"\/><\/figure><\/li><\/ul>\n\n\n\n<p><strong>Taller de yoga de <em>Sonia<\/em><\/strong><\/p>\n\n\n\n<p>Por razones obvias, las im\u00e1genes de este taller son escasas, los y las participantes  estaban en un estado de relajaci\u00f3n y meditaci\u00f3n que fue respatado por los compa\u00f1eros fot\u00f3grafos.<\/p>\n\n\n\n<ul class=\"wp-block-gallery columns-2 is-cropped wp-block-gallery-6 is-layout-flex wp-block-gallery-is-layout-flex\"><li class=\"blocks-gallery-item\"><figure><img decoding=\"async\" src=\"http:\/\/nodoastur.aulablog.com\/wp-content\/uploads\/2019\/07\/48245001391_51cfdcb782_o-1024x683.jpg\" alt=\"\" data-id=\"342\" data-link=\"http:\/\/nodoastur.aulablog.com\/xiv-encuentro-aulablog\/48245001391_51cfdcb782_o\/\" class=\"wp-image-342\"\/><\/figure><\/li><li class=\"blocks-gallery-item\"><figure><img decoding=\"async\" src=\"http:\/\/nodoastur.aulablog.com\/wp-content\/uploads\/2019\/07\/48245002716_7edec7c64a_o-1024x683.jpg\" alt=\"\" data-id=\"343\" data-link=\"http:\/\/nodoastur.aulablog.com\/xiv-encuentro-aulablog\/48245002716_7edec7c64a_o\/\" class=\"wp-image-343\"\/><\/figure><\/li><\/ul>\n\n\n\n<p>Y nuestros tallistas invitados:<\/p>\n\n\n\n<p><strong>ALBERTO BOSCAN  &#8211;   ABRAHAN GUTIERREZ &#8211;   BORJA   &#8211;   ADELA CAMACHO &#8211;   JAVIER GARCIA ESCOBEDO Y MIRYAM ARTOLA<\/strong><br><\/p>\n\n\n\n<ul class=\"wp-block-gallery columns-3 is-cropped wp-block-gallery-7 is-layout-flex wp-block-gallery-is-layout-flex\"><li class=\"blocks-gallery-item\"><figure><img decoding=\"async\" src=\"http:\/\/nodoastur.aulablog.com\/wp-content\/uploads\/2019\/07\/48245125507_c92080f330_o-1-1024x683.jpg\" alt=\"\" data-id=\"345\" data-link=\"http:\/\/nodoastur.aulablog.com\/xiv-encuentro-aulablog\/48245125507_c92080f330_o-2\/\" class=\"wp-image-345\"\/><\/figure><\/li><li class=\"blocks-gallery-item\"><figure><img decoding=\"async\" src=\"http:\/\/nodoastur.aulablog.com\/wp-content\/uploads\/2019\/07\/48245128557_76e0dc1655_o-1024x683.jpg\" alt=\"\" data-id=\"346\" data-link=\"http:\/\/nodoastur.aulablog.com\/xiv-encuentro-aulablog\/48245128557_76e0dc1655_o\/\" class=\"wp-image-346\"\/><\/figure><\/li><li class=\"blocks-gallery-item\"><figure><img decoding=\"async\" src=\"http:\/\/nodoastur.aulablog.com\/wp-content\/uploads\/2019\/07\/48244779986_fd5de8f8c9_o-1024x683.jpg\" alt=\"\" data-id=\"347\" data-link=\"http:\/\/nodoastur.aulablog.com\/xiv-encuentro-aulablog\/48244779986_fd5de8f8c9_o\/\" class=\"wp-image-347\"\/><\/figure><\/li><li class=\"blocks-gallery-item\"><figure><img decoding=\"async\" src=\"http:\/\/nodoastur.aulablog.com\/wp-content\/uploads\/2019\/07\/48244775306_c5f65e27a0_o-1024x683.jpg\" alt=\"\" data-id=\"348\" data-link=\"http:\/\/nodoastur.aulablog.com\/xiv-encuentro-aulablog\/48244775306_c5f65e27a0_o\/\" class=\"wp-image-348\"\/><\/figure><\/li><li class=\"blocks-gallery-item\"><figure><img decoding=\"async\" src=\"http:\/\/nodoastur.aulablog.com\/wp-content\/uploads\/2019\/07\/48244896127_30a90cbeaa_o-1024x683.jpg\" alt=\"\" data-id=\"349\" data-link=\"http:\/\/nodoastur.aulablog.com\/xiv-encuentro-aulablog\/48244896127_30a90cbeaa_o\/\" class=\"wp-image-349\"\/><\/figure><\/li><li class=\"blocks-gallery-item\"><figure><img decoding=\"async\" src=\"http:\/\/nodoastur.aulablog.com\/wp-content\/uploads\/2019\/07\/48244814886_b1df2922a8_o-1024x683.jpg\" alt=\"\" data-id=\"350\" data-link=\"http:\/\/nodoastur.aulablog.com\/xiv-encuentro-aulablog\/48244814886_b1df2922a8_o\/\" class=\"wp-image-350\"\/><\/figure><\/li><li class=\"blocks-gallery-item\"><figure><img decoding=\"async\" src=\"http:\/\/nodoastur.aulablog.com\/wp-content\/uploads\/2019\/07\/48244845556_e8f841e112_o-1024x683.jpg\" alt=\"\" data-id=\"351\" data-link=\"http:\/\/nodoastur.aulablog.com\/xiv-encuentro-aulablog\/48244845556_e8f841e112_o\/\" class=\"wp-image-351\"\/><\/figure><\/li><li class=\"blocks-gallery-item\"><figure><img decoding=\"async\" src=\"http:\/\/nodoastur.aulablog.com\/wp-content\/uploads\/2019\/07\/48244935262_b9bc5dd02d_o-1024x683.jpg\" alt=\"\" data-id=\"352\" data-link=\"http:\/\/nodoastur.aulablog.com\/xiv-encuentro-aulablog\/48244935262_b9bc5dd02d_o\/\" class=\"wp-image-352\"\/><\/figure><\/li><li class=\"blocks-gallery-item\"><figure><img decoding=\"async\" src=\"http:\/\/nodoastur.aulablog.com\/wp-content\/uploads\/2019\/07\/48245047507_6d4d34e1a1_o-1024x683.jpg\" alt=\"\" data-id=\"353\" data-link=\"http:\/\/nodoastur.aulablog.com\/xiv-encuentro-aulablog\/48245047507_6d4d34e1a1_o\/\" class=\"wp-image-353\"\/><\/figure><\/li><li class=\"blocks-gallery-item\"><figure><img decoding=\"async\" src=\"http:\/\/nodoastur.aulablog.com\/wp-content\/uploads\/2019\/07\/48244969311_fce0392e5c_o-1024x683.jpg\" alt=\"\" data-id=\"354\" data-link=\"http:\/\/nodoastur.aulablog.com\/xiv-encuentro-aulablog\/48244969311_fce0392e5c_o\/\" class=\"wp-image-354\"\/><\/figure><\/li><li class=\"blocks-gallery-item\"><figure><img decoding=\"async\" src=\"http:\/\/nodoastur.aulablog.com\/wp-content\/uploads\/2019\/07\/48244986191_d93ee590e3_o-1024x683.jpg\" alt=\"\" data-id=\"357\" data-link=\"http:\/\/nodoastur.aulablog.com\/xiv-encuentro-aulablog\/48244986191_d93ee590e3_o\/\" class=\"wp-image-357\"\/><\/figure><\/li><li class=\"blocks-gallery-item\"><figure><img decoding=\"async\" src=\"http:\/\/nodoastur.aulablog.com\/wp-content\/uploads\/2019\/07\/48244981291_33e79db07a_o-1024x683.jpg\" alt=\"\" data-id=\"358\" data-link=\"http:\/\/nodoastur.aulablog.com\/xiv-encuentro-aulablog\/48244981291_33e79db07a_o\/\" class=\"wp-image-358\"\/><\/figure><\/li><\/ul>\n\n\n\n<p>Como cierre a la jornada del s\u00e1bado tuvimos la tradicional \u00abCena de gala\u00bb, donde se entrega en testigo a la siguiente sede de celebraci\u00f3n del Encuentro Aulablog, ser\u00e1 la XV edici\u00f3n y nos vamos a ALMANSA de la mano de Ana Martinez (@nosoloppiao), en la cena tuvimos el gran honor de que nos amenizara la velada y fin de fiesta la gran banda \u00abThe beat shadows\u00bb.<\/p>\n\n\n\n<div class=\"wp-block-image\"><figure class=\"aligncenter is-resized\"><img loading=\"lazy\" decoding=\"async\" src=\"http:\/\/nodoastur.aulablog.com\/wp-content\/uploads\/2019\/07\/48244721136_27c5b7665d_o-1024x683.jpg\" alt=\"\" class=\"wp-image-360\" width=\"635\" height=\"422\"\/><figcaption> The beat shadows<\/figcaption><\/figure><\/div>\n\n\n\n<div class=\"wp-block-image\"><figure class=\"aligncenter is-resized\"><img loading=\"lazy\" decoding=\"async\" src=\"http:\/\/nodoastur.aulablog.com\/wp-content\/uploads\/2019\/07\/IMG_8914-1024x767.jpg\" alt=\"\" class=\"wp-image-361\" width=\"641\" height=\"480\"\/><figcaption>XV Encuentro Aulablog Almansa20. Entrega de testigo<\/figcaption><\/figure><\/div>\n\n\n\n<div class=\"wp-block-image\"><figure class=\"aligncenter is-resized\"><img loading=\"lazy\" decoding=\"async\" src=\"http:\/\/nodoastur.aulablog.com\/wp-content\/uploads\/2019\/07\/48244249201_d1660672cd_o-2-1024x683.jpg\" alt=\"\" class=\"wp-image-363\" width=\"635\" height=\"422\"\/><figcaption>Sedes Aulablog: BARCELONA con Joan Padr\u00f3s, UBRIQUE con Javier y Lidia, AGUILAR DE CAMPOO con Julian y Javier, VILAFRANCA DEL CID con Vanessa Marin, OVIEDO  con Carmen Luc\u00eda y Nieves y &#8230;..proximamente ALMANSA con Ana Martinez.<\/figcaption><\/figure><\/div>\n\n\n\n<p>&#8230;Y  lleg\u00f3 el domingo, \u00faltima jornada de este maravilloso Encuentro. Abrimos la ma\u00f1ana con una exposici\u00f3n de los Scratch Day celebrados este a\u00f1o, los representantes de Oviedo, Castell\u00f3n, Madrid y Cadiz nos contaron la experiencia vivida con la celebraci\u00f3n del Scratch Day.<\/p>\n\n\n\n<div class=\"wp-block-image\"><figure class=\"aligncenter is-resized\"><img loading=\"lazy\" decoding=\"async\" src=\"http:\/\/nodoastur.aulablog.com\/wp-content\/uploads\/2019\/07\/IMG_8912-1024x768.jpg\" alt=\"\" class=\"wp-image-364\" width=\"619\" height=\"464\"\/><figcaption>Sedes Scratch Day: Oviedo , Castell\u00f3, Madrid, C\u00e1diz<\/figcaption><\/figure><\/div>\n\n\n\n<p><div>A continuaci\u00f3n se hace entrega del premio Seikeirox, que este a\u00f1o ha reca\u00eddo en el C.P. San Pedro de los Arcos. Su directora, Feli recogi\u00f3 el premio emocionada y agradecida.<\/div><\/p>\n\n\n\n<div class=\"wp-block-image\"><figure class=\"aligncenter is-resized\"><img loading=\"lazy\" decoding=\"async\" src=\"http:\/\/nodoastur.aulablog.com\/wp-content\/uploads\/2019\/07\/48244542246_f05a72acdb_k-1024x683.jpg\" alt=\"\" class=\"wp-image-365\" width=\"626\" height=\"417\"\/><\/figure><\/div>\n\n\n\n<figure class=\"wp-block-video\"><video controls src=\"http:\/\/nodoastur.aulablog.com\/wp-content\/uploads\/2019\/07\/seikeirox.mov\"><\/video><figcaption>Video del C.P San Pedro de los Arcos. Premio Seikeirox 2019<\/figcaption><\/figure>\n\n\n\n<p>La conferencia final, a cargo de Miriam Artola puso un broche de emoci\u00f3n, cari\u00f1o, y generosidad, que lleg\u00f3 a lo m\u00e1s profundo de los corazones de quienes  tuvimos la fortuna de escucharla, gracias Miryam, @muxotepolobat forma parte de la historia de Aulablog.<\/p>\n\n\n\n<div class=\"wp-block-image\"><figure class=\"aligncenter is-resized\"><img loading=\"lazy\" decoding=\"async\" src=\"http:\/\/nodoastur.aulablog.com\/wp-content\/uploads\/2019\/07\/48244546687_9a9db5c564_o-1024x683.jpg\" alt=\"\" class=\"wp-image-380\" width=\"647\" height=\"430\"\/><figcaption>Conferencia de Miryam Artola<\/figcaption><\/figure><\/div>\n\n\n\n<div class=\"wp-block-image\"><figure class=\"aligncenter is-resized\"><img loading=\"lazy\" decoding=\"async\" src=\"http:\/\/nodoastur.aulablog.com\/wp-content\/uploads\/2019\/07\/48244577552_75e9157b71_o-1024x683.jpg\" alt=\"\" class=\"wp-image-381\" width=\"650\" height=\"432\"\/><figcaption>Miryam Artola<\/figcaption><\/figure><\/div>\n\n\n\n<p>Y llego el momento de las despedidas, la emoci\u00f3n,  el cari\u00f1o  y el profundo agradecimiento a quienes formamos parte de la familia Aulablog, Oviedo se queda con lo mejor de cada uno, se queda con la esencia de tantos y tantas compa\u00f1eros y compa\u00f1eras que dia a dia tambi\u00e9n dejamos lo mejor de nosotras mismos en las aulas, porque todo lo que hacemos es por y para nuestros alumnos.-<\/p>\n\n\n\n<div class=\"wp-block-image\"><figure class=\"aligncenter is-resized\"><img loading=\"lazy\" decoding=\"async\" src=\"http:\/\/nodoastur.aulablog.com\/wp-content\/uploads\/2019\/07\/IMG_9001-1024x683.jpg\" alt=\"\" class=\"wp-image-367\" width=\"649\" height=\"431\"\/><figcaption>Gracias&#8230;..<\/figcaption><\/figure><\/div>\n\n\n\n<p>El broche de oro lo pusimos en la Plaza del Ayuntamiento de Oviedo con la batukada, el bautizo y confirmaci\u00f3n de miembros de AULABLOG  de 5 y 10 a\u00f1os de asistencia a  encuentros y el baile de la polka. Nuestro alcalde quiso acompa\u00f1arnos en esta despedida, y comparti\u00f3 estos momentos con gran entusiasmo. <\/p>\n\n\n\n<ul class=\"wp-block-gallery columns-3 is-cropped wp-block-gallery-8 is-layout-flex wp-block-gallery-is-layout-flex\"><li class=\"blocks-gallery-item\"><figure><img decoding=\"async\" src=\"http:\/\/nodoastur.aulablog.com\/wp-content\/uploads\/2019\/07\/48244195117_0ecf347864_o-1024x683.jpg\" alt=\"\" data-id=\"368\" data-link=\"http:\/\/nodoastur.aulablog.com\/xiv-encuentro-aulablog\/48244195117_0ecf347864_o\/\" class=\"wp-image-368\"\/><\/figure><\/li><li class=\"blocks-gallery-item\"><figure><img decoding=\"async\" src=\"http:\/\/nodoastur.aulablog.com\/wp-content\/uploads\/2019\/07\/48244445622_8d9d722469_o-1024x683.jpg\" alt=\"\" data-id=\"370\" data-link=\"http:\/\/nodoastur.aulablog.com\/xiv-encuentro-aulablog\/48244445622_8d9d722469_o\/\" class=\"wp-image-370\"\/><\/figure><\/li><li class=\"blocks-gallery-item\"><figure><img decoding=\"async\" src=\"http:\/\/nodoastur.aulablog.com\/wp-content\/uploads\/2019\/07\/48244273882_cf42bbc332_o-1024x683.jpg\" alt=\"\" data-id=\"371\" data-link=\"http:\/\/nodoastur.aulablog.com\/xiv-encuentro-aulablog\/48244273882_cf42bbc332_o\/\" class=\"wp-image-371\"\/><\/figure><\/li><li class=\"blocks-gallery-item\"><figure><img decoding=\"async\" src=\"http:\/\/nodoastur.aulablog.com\/wp-content\/uploads\/2019\/07\/836dc821-6f89-4ebe-8f5c-e850b9327768.jpg\" alt=\"\" data-id=\"372\" data-link=\"http:\/\/nodoastur.aulablog.com\/xiv-encuentro-aulablog\/836dc821-6f89-4ebe-8f5c-e850b9327768\/\" class=\"wp-image-372\"\/><\/figure><\/li><li class=\"blocks-gallery-item\"><figure><img decoding=\"async\" src=\"http:\/\/nodoastur.aulablog.com\/wp-content\/uploads\/2019\/07\/IMG_9016-1024x683.jpg\" alt=\"\" data-id=\"373\" data-link=\"http:\/\/nodoastur.aulablog.com\/xiv-encuentro-aulablog\/img_9016\/\" class=\"wp-image-373\"\/><\/figure><\/li><li class=\"blocks-gallery-item\"><figure><img decoding=\"async\" src=\"http:\/\/nodoastur.aulablog.com\/wp-content\/uploads\/2019\/07\/IMG_20190707_140603-1024x576.jpg\" alt=\"\" data-id=\"374\" data-link=\"http:\/\/nodoastur.aulablog.com\/xiv-encuentro-aulablog\/img_20190707_140603\/\" class=\"wp-image-374\"\/><\/figure><\/li><li class=\"blocks-gallery-item\"><figure><img decoding=\"async\" src=\"http:\/\/nodoastur.aulablog.com\/wp-content\/uploads\/2019\/07\/IMG_9011-1024x683.jpg\" alt=\"\" data-id=\"375\" data-link=\"http:\/\/nodoastur.aulablog.com\/xiv-encuentro-aulablog\/img_9011\/\" class=\"wp-image-375\"\/><\/figure><\/li><li class=\"blocks-gallery-item\"><figure><img decoding=\"async\" src=\"http:\/\/nodoastur.aulablog.com\/wp-content\/uploads\/2019\/07\/IMG_9004-1024x683.jpg\" alt=\"\" data-id=\"376\" data-link=\"http:\/\/nodoastur.aulablog.com\/xiv-encuentro-aulablog\/img_9004\/\" class=\"wp-image-376\"\/><\/figure><\/li><\/ul>\n\n\n\n<p>Os dejamos los enlaces a los \u00e1lbumes de fotos de Josu Garro y de Antonio Garrido a los que agradecemos infinitamente su cobertura a todo el encuentro, as\u00ed como a IneveryCrea y a sus dos magn\u00edficas reporteras Maria Castelo  (@Maria_Castelo) y Carmen Iglesias (@carmeniglesiasb) que nos han acompa\u00f1ado, cubierto y difundido en red todo el encuentro.<\/p>\n\n\n\n<p><a href=\"https:\/\/photos.app.goo.gl\/M1ZeZeSaiUyHDGRN9\">https:\/\/photos.app.goo.gl\/M1ZeZeSaiUyHDGRN9<\/a><\/p>\n\n\n\n<p><a href=\"https:\/\/flic.kr\/s\/aHsmEY1PBR\">https:\/\/flic.kr\/s\/aHsmEY1PBR<\/a><\/p>\n\n\n\n<p><a href=\"https:\/\/flic.kr\/s\/aHsmEXUPPf\">https:\/\/flic.kr\/s\/aHsmEXUPPf<\/a><\/p>\n\n\n\n<p><a href=\"https:\/\/flic.kr\/s\/aHsmEXKyzX\">https:\/\/flic.kr\/s\/aHsmEXKyzX<\/a><\/p>\n\n\n\n<p><strong>En Twitter con los hashtags <\/strong><\/p>\n\n\n\n<p><a href=\"https:\/\/twitter.com\/search?q=%23aulablog19&amp;src=typd&amp;lang=es\">#aulablog19<\/a><\/p>\n\n\n\n<p><a href=\"https:\/\/twitter.com\/search?q=%23paraisoaulablog&amp;src=typd&amp;lang=es\">#paraisoaulablog<\/a><\/p>\n\n\n\n<p>Las <strong>conferencias<\/strong> se pueden ver en el canal de AULABLOG de YouTube<\/p>\n\n\n\n<p><a href=\"https:\/\/www.youtube.com\/channel\/UCQFk2vgX9JiuF7xr4wWpLKQ\">https:\/\/www.youtube.com\/channel\/UCQFk2vgX9JiuF7xr4wWpLKQ<\/a><\/p>\n\n\n\n<figure class=\"wp-block-embed-youtube wp-block-embed is-type-video is-provider-youtube wp-embed-aspect-16-9 wp-has-aspect-ratio\"><div class=\"wp-block-embed__wrapper\">\n<iframe loading=\"lazy\" title=\"aulaBLOG tercer d\u00eda\" width=\"1080\" height=\"608\" src=\"https:\/\/www.youtube.com\/embed\/G0mpQcgnqM4?feature=oembed\"  allow=\"accelerometer; autoplay; clipboard-write; encrypted-media; gyroscope; picture-in-picture; web-share\" allowfullscreen><\/iframe>\n<\/div><\/figure>\n\n\n\n<figure class=\"wp-block-embed-youtube wp-block-embed is-type-video is-provider-youtube wp-embed-aspect-16-9 wp-has-aspect-ratio\"><div class=\"wp-block-embed__wrapper\">\n<iframe loading=\"lazy\" title=\"aulaBLOG segundo d\u00eda\" width=\"1080\" height=\"608\" src=\"https:\/\/www.youtube.com\/embed\/ZR8rGI1syGg?feature=oembed\"  allow=\"accelerometer; autoplay; clipboard-write; encrypted-media; gyroscope; picture-in-picture; web-share\" allowfullscreen><\/iframe>\n<\/div><\/figure>\n\n\n\n<figure class=\"wp-block-embed-youtube wp-block-embed is-type-video is-provider-youtube wp-embed-aspect-16-9 wp-has-aspect-ratio\"><div class=\"wp-block-embed__wrapper\">\n<iframe loading=\"lazy\" title=\"aulaBLOG 2019 Primer d\u00eda\" width=\"1080\" height=\"608\" src=\"https:\/\/www.youtube.com\/embed\/RKB3Chyf4fU?feature=oembed\"  allow=\"accelerometer; autoplay; clipboard-write; encrypted-media; gyroscope; picture-in-picture; web-share\" allowfullscreen><\/iframe>\n<\/div><\/figure>\n\n\n\n<ul class=\"wp-block-gallery columns-2 is-cropped wp-block-gallery-9 is-layout-flex wp-block-gallery-is-layout-flex\"><li class=\"blocks-gallery-item\"><figure><img decoding=\"async\" src=\"http:\/\/nodoastur.aulablog.com\/wp-content\/uploads\/2019\/07\/Captura-de-pantalla-2019-07-11-a-las-14.35.14-1.png\" alt=\"\" data-id=\"393\" data-link=\"http:\/\/nodoastur.aulablog.com\/xiv-encuentro-aulablog\/captura-de-pantalla-2019-07-11-a-las-14-35-14-2\/\" class=\"wp-image-393\"\/><\/figure><\/li><li class=\"blocks-gallery-item\"><figure><img decoding=\"async\" src=\"http:\/\/nodoastur.aulablog.com\/wp-content\/uploads\/2019\/07\/Captura-de-pantalla-2019-07-11-a-las-14.36.58-1.png\" alt=\"\" data-id=\"394\" data-link=\"http:\/\/nodoastur.aulablog.com\/xiv-encuentro-aulablog\/captura-de-pantalla-2019-07-11-a-las-14-36-58-2\/\" class=\"wp-image-394\"\/><\/figure><\/li><\/ul>\n","protected":false},"excerpt":{"rendered":"<p>Cr\u00f3nica del Encuentro escrito por @nievescout y publicado originalmente en el blog del Nodo Astur de aulaBLOG. http:\/\/nodoastur.aulablog.com\/xiv-encuentro-aulablog\/ Los d\u00edas 5, 6 y 7 de julio de 2019 celebramos en Oviedo el XIV encuentro aulaBLOG, ahora, que las emociones se van asentando, voy a intentar plasmar humildemente una cr\u00f3nica del Encuentro.Cuando hace un a\u00f1o, traje [&hellip;]<\/p>\n","protected":false},"author":5,"featured_media":1196,"comment_status":"open","ping_status":"open","sticky":false,"template":"","format":"standard","meta":{"_et_pb_use_builder":"off","_et_pb_old_content":"","_et_gb_content_width":"","footnotes":""},"categories":[1],"tags":[],"class_list":["post-1184","post","type-post","status-publish","format-standard","has-post-thumbnail","hentry","category-sin-categoria"],"_links":{"self":[{"href":"https:\/\/www.aulablog.com\/blog\/encuentro14\/wp-json\/wp\/v2\/posts\/1184","targetHints":{"allow":["GET"]}}],"collection":[{"href":"https:\/\/www.aulablog.com\/blog\/encuentro14\/wp-json\/wp\/v2\/posts"}],"about":[{"href":"https:\/\/www.aulablog.com\/blog\/encuentro14\/wp-json\/wp\/v2\/types\/post"}],"author":[{"embeddable":true,"href":"https:\/\/www.aulablog.com\/blog\/encuentro14\/wp-json\/wp\/v2\/users\/5"}],"replies":[{"embeddable":true,"href":"https:\/\/www.aulablog.com\/blog\/encuentro14\/wp-json\/wp\/v2\/comments?post=1184"}],"version-history":[{"count":8,"href":"https:\/\/www.aulablog.com\/blog\/encuentro14\/wp-json\/wp\/v2\/posts\/1184\/revisions"}],"predecessor-version":[{"id":1204,"href":"https:\/\/www.aulablog.com\/blog\/encuentro14\/wp-json\/wp\/v2\/posts\/1184\/revisions\/1204"}],"wp:featuredmedia":[{"embeddable":true,"href":"https:\/\/www.aulablog.com\/blog\/encuentro14\/wp-json\/wp\/v2\/media\/1196"}],"wp:attachment":[{"href":"https:\/\/www.aulablog.com\/blog\/encuentro14\/wp-json\/wp\/v2\/media?parent=1184"}],"wp:term":[{"taxonomy":"category","embeddable":true,"href":"https:\/\/www.aulablog.com\/blog\/encuentro14\/wp-json\/wp\/v2\/categories?post=1184"},{"taxonomy":"post_tag","embeddable":true,"href":"https:\/\/www.aulablog.com\/blog\/encuentro14\/wp-json\/wp\/v2\/tags?post=1184"}],"curies":[{"name":"wp","href":"https:\/\/api.w.org\/{rel}","templated":true}]}}