{"id":1034,"date":"2013-02-12T09:30:20","date_gmt":"2013-02-12T08:30:20","guid":{"rendered":"http:\/\/www.aulablog.com\/blog\/?p=1034"},"modified":"2013-02-12T09:33:25","modified_gmt":"2013-02-12T08:33:25","slug":"aprender-lengua-y-literatrua-con-las-ticaprendre-llengua-i-literatura-amb-les-tic","status":"publish","type":"post","link":"https:\/\/www.aulablog.com\/blog\/2013\/02\/12\/aprender-lengua-y-literatrua-con-las-ticaprendre-llengua-i-literatura-amb-les-tic\/","title":{"rendered":"Ense\u00f1ar y aprender lengua y literatura con las TIC\/Ensenyar i aprendre llengua i literatura amb les TIC"},"content":{"rendered":"<p>El trimestre pasado estuve impartiendo un curso de introducci\u00f3n a las TIC para docentes de lengua y literatura.<\/p>\n<p>Fue un curso muy intenso en horas, pero muy muy gratificante.<\/p>\n<p>Los alumnos-profes se mostraron muy motivados e interesados desde el principio y todas las sesiones intent\u00e9 que fueran pr\u00e1cticas por lo que estuvimos probando las herramientas d\u00e1ndoles un enfoque did\u00e1ctico.<\/p>\n<p>Creo que fue muy \u00fatil para ellos porque vieron contextualizadas las herramientas y \u00abperdieron el miedo\u00bb a enfrentarse a las TIC. Muchos de ellos han empezado a aplicarlas en sus centros con sus alumnos y es por ello que me he decidido a compartirlo con todos vosotros.<\/p>\n<p>La <a href=\"https:\/\/sites.google.com\/site\/llenguailiteraturaamblestic\/\" target=\"_blank\">site<\/a> del proyecto est\u00e1 en catal\u00e1n con ejemplos y tutoriales en castellano. Pero ya sab\u00e9is que hoy en d\u00eda con los traductores como <a href=\"http:\/\/translate.google.es\/\" target=\"_blank\">\u00abgoogle traductor\u00bb<\/a>\u00a0o el traductor de <a href=\"http:\/\/www.softcatala.org\/traductor\" target=\"_blank\">softcatal\u00e0<\/a> que permite traducir del catal\u00e1n al castellano y viceversa,\u00a0\u00a0ya no hay fronteras.<\/p>\n<p>Espero que tambi\u00e9n os sirva. Encontrar\u00e9is la informaci\u00f3n dividida en sesiones con las herramientas que trabajamos, ejemplos pr\u00e1cticos y tutoriales.<\/p>\n<p>Un saludo,<\/p>\n<p>Maru Domenech<\/p>\n<table class=\"tr-caption-container\" style=\"margin-left: auto;margin-right: auto;text-align: center\" cellspacing=\"0\" cellpadding=\"0\" align=\"center\">\n<tbody>\n<tr>\n<td style=\"text-align: center\"><a style=\"margin-left: auto;margin-right: auto\" href=\"http:\/\/3.bp.blogspot.com\/-freKqP0m5S4\/UNIOZ2GrcNI\/AAAAAAAAS_A\/zqUEkx5SmFE\/s1600\/llengua+i+literatura+amb+les+TIC.png\"><img loading=\"lazy\" decoding=\"async\" alt=\"\" src=\"http:\/\/3.bp.blogspot.com\/-freKqP0m5S4\/UNIOZ2GrcNI\/AAAAAAAAS_A\/zqUEkx5SmFE\/s1600\/llengua+i+literatura+amb+les+TIC.png\" width=\"320\" height=\"148\" border=\"0\" \/><\/a><\/td>\n<\/tr>\n<tr>\n<td class=\"tr-caption\" style=\"text-align: center\"><a href=\"https:\/\/sites.google.com\/site\/llenguailiteraturaamblestic\/\" target=\"_blank\">ENLACE<\/a><\/td>\n<\/tr>\n<\/tbody>\n<\/table>\n<p>&nbsp;<\/p>\n","protected":false},"excerpt":{"rendered":"<p>El trimestre pasado estuve impartiendo un curso de introducci\u00f3n a las TIC para docentes de lengua y literatura. Fue un curso muy intenso en horas, pero muy muy gratificante. Los alumnos-profes se mostraron muy motivados e interesados desde el principio y todas las sesiones intent\u00e9 que fueran pr\u00e1cticas por lo que estuvimos probando las herramientas [&hellip;]<\/p>\n","protected":false},"author":26,"featured_media":0,"comment_status":"open","ping_status":"open","sticky":false,"template":"","format":"standard","meta":{"_et_pb_use_builder":"","_et_pb_old_content":"","_et_gb_content_width":"","footnotes":""},"categories":[4],"tags":[115,13],"class_list":["post-1034","post","type-post","status-publish","format-standard","hentry","category-noticias","tag-escuela-2-0","tag-tic"],"_links":{"self":[{"href":"https:\/\/www.aulablog.com\/blog\/wp-json\/wp\/v2\/posts\/1034","targetHints":{"allow":["GET"]}}],"collection":[{"href":"https:\/\/www.aulablog.com\/blog\/wp-json\/wp\/v2\/posts"}],"about":[{"href":"https:\/\/www.aulablog.com\/blog\/wp-json\/wp\/v2\/types\/post"}],"author":[{"embeddable":true,"href":"https:\/\/www.aulablog.com\/blog\/wp-json\/wp\/v2\/users\/26"}],"replies":[{"embeddable":true,"href":"https:\/\/www.aulablog.com\/blog\/wp-json\/wp\/v2\/comments?post=1034"}],"version-history":[{"count":4,"href":"https:\/\/www.aulablog.com\/blog\/wp-json\/wp\/v2\/posts\/1034\/revisions"}],"predecessor-version":[{"id":1040,"href":"https:\/\/www.aulablog.com\/blog\/wp-json\/wp\/v2\/posts\/1034\/revisions\/1040"}],"wp:attachment":[{"href":"https:\/\/www.aulablog.com\/blog\/wp-json\/wp\/v2\/media?parent=1034"}],"wp:term":[{"taxonomy":"category","embeddable":true,"href":"https:\/\/www.aulablog.com\/blog\/wp-json\/wp\/v2\/categories?post=1034"},{"taxonomy":"post_tag","embeddable":true,"href":"https:\/\/www.aulablog.com\/blog\/wp-json\/wp\/v2\/tags?post=1034"}],"curies":[{"name":"wp","href":"https:\/\/api.w.org\/{rel}","templated":true}]}}