{"id":1082,"date":"2013-02-27T20:47:56","date_gmt":"2013-02-27T19:47:56","guid":{"rendered":"http:\/\/www.aulablog.com\/blog\/?p=1082"},"modified":"2013-02-27T20:49:31","modified_gmt":"2013-02-27T19:49:31","slug":"2o-premio-intef-para-materiales-educativos","status":"publish","type":"post","link":"https:\/\/www.aulablog.com\/blog\/2013\/02\/27\/2o-premio-intef-para-materiales-educativos\/","title":{"rendered":"2\u00ba Premio Intef para materiales educativos"},"content":{"rendered":"<p><a title=\"Premios Intef\" href=\"http:\/\/www.intef.educacion.es\/es\/premios-a-materiales-educativos\/convocatoria-2012\/resolucion?start=2\" target=\"_blank\" rel=\"attachment wp-att-1394\"><img loading=\"lazy\" decoding=\"async\" alt=\"premio\" src=\"http:\/\/iniciafp.es\/wp-content\/uploads\/2013\/02\/premio.jpg\" width=\"78\" height=\"78\" \/><\/a><a title=\"Materiales del Itinerario Emprendedor\" href=\"https:\/\/sites.google.com\/site\/itinerarioemprendedor\/\" target=\"_blank\"><img loading=\"lazy\" decoding=\"async\" alt=\"\" src=\"https:\/\/sites.google.com\/site\/itinerarioemprendedor\/_\/rsrc\/1349980651516\/config\/customLogo.gif?revision=13\" width=\"312\" height=\"71\" \/><\/a><\/p>\n<p>El curso pasado Aulablog particip\u00f3 en el proyecto de innovaci\u00f3n educativa \u00ab<a title=\"Inicia FP\" href=\"http:\/\/iniciafp.es\/\" target=\"_blank\"><strong>Inicia FP<\/strong><\/a>\u00ab, que exploraba v\u00edas para el desarrollo de la iniciativa emprendedora.\u00a0 Nuestra contribuci\u00f3n se plasm\u00f3 de dos maneras, por una parte, elaboramos\u00a0 de un <a title=\"Taller para el desarrollo de la capacidad emprendedora\" href=\"http:\/\/iniciafp.es\/aula\/\" target=\"_blank\"><strong>repertorio de cursos<\/strong><\/a> que ten\u00edan como objetivo mejorar la compentencias para emprender, desde ellos se abordaban aspectos como la gesti\u00f3n de proyectos, presentaci\u00f3n de proyectos, identidad profesional digital, herramientas para el trabajo colaborativo. Por otra parte, apostamos por dar a conocer entre el profesorado de FOL las metodolog\u00edas que se estaban usando para creaci\u00f3n de <em>start up <\/em>innovadoras, para este trabajo contamos con la ayuda de <a title=\"Enlace a blog de Yo emprendo\" href=\"http:\/\/yoemprendo.es\/2013\/02\/26\/el-itinerario-emprendedor-gana-un-premio-intef-2012\/\" target=\"_blank\"><strong>Jos\u00e9 Antonio de Miguel<\/strong> <\/a>(@yoemprendo) que elabor\u00f3 para nosotros una nueva propuesta de itinerario emprendedor que ten\u00eda como soporte 40 v\u00eddeos que lo ilustraban. Dimos a conocer este \u00faltimo trabajo en una <a title=\"Jornadas del Matadero\" href=\"http:\/\/iniciafp.es\/blog\/2012\/05\/23\/presentacion-materiales-para-aprender-a-emprender\/\" target=\"_blank\"><strong>Jornada<\/strong> <\/a>y en un <a title=\"Taller\" href=\"http:\/\/iniciafp.es\/blog\/2012\/09\/11\/taller-presencial-de-la-idea-al-modelo-de-negocio\/\" target=\"_blank\"><strong>Taller<\/strong><\/a> en el que tambi\u00e9n contamos con colaboraci\u00f3n desinteresada de <a title=\"Enlace a Thinkers Co.\" href=\"http:\/\/thinkersco2.tumblr.com\/\" target=\"_blank\"><strong>Thinkers Co.<\/strong><\/a>, en ambos casos los profesores y profesoras de FOL participantes nos corroboraron su opini\u00f3n favorable y hasta entusiasta de la propuesta.<\/p>\n<p>El itinerario emprendedor que proponemos rompe de forma radical con lo que se viene haciendo habitualmente en las aulas y nos resultaba demasiado novedoso para llevarlo a la pr\u00e1ctica sin alguna propuesta que diera alg\u00fan tipo de soporte did\u00e1ctico, con esa intenci\u00f3n nacen <a title=\"Enlace a los materiales\" href=\"https:\/\/sites.google.com\/site\/itinerarioemprendedor\/\" target=\"_blank\"><strong>los materiales\u00a0 que han sido premiados por el Intef<\/strong><\/a> . No se trata de un trabajo acabado, sino de un punto de partida sobre el que seguir trabajando. Lo mejor de todo que es que <a title=\"Grupo de Linkedin\" href=\"http:\/\/www.linkedin.com\/groups\/Quer%C3%ADa-compartir-este-foro-mi-4337883.S.213645082?qid=c164a958-232a-44d7-9437-729fe0357541&amp;trk=group_most_recent_rich-0-b-ttl&amp;goback=.gmr_4337883\" target=\"_blank\"><strong>ya hay un colectivo de profesores dispuestos a hacerlo<\/strong><\/a> \ud83d\ude1b .<\/p>\n<p>Muchas felicidades a todos los profesores y profesoras que han participado en esta convocatoria, a los premiados por su premio y a los dem\u00e1s por su entusiasmo y compromiso con la tarea educativa. Tambi\u00e9n un propuesta al <a title=\"Intef\" href=\"http:\/\/www.intef.educacion.es\/es\/premios-a-materiales-educativos\/convocatoria-2012\/resolucion\" target=\"_blank\"><strong>Intef<\/strong> <\/a>: creo que estar\u00eda bien que se enlazaran todos los trabajos presentados, es una forma de hacerlos visibles y que puedan ser aprovechados por otros docentes , tambi\u00e9n es una forma de dar reconocimiento a todas esas horas de trabajo oculto que seguro que hay detr\u00e1s de cada proyecto presentado.<\/p>\n<p>&nbsp;<\/p>\n","protected":false},"excerpt":{"rendered":"<p>El curso pasado Aulablog particip\u00f3 en el proyecto de innovaci\u00f3n educativa \u00abInicia FP\u00ab, que exploraba v\u00edas para el desarrollo de la iniciativa emprendedora.\u00a0 Nuestra contribuci\u00f3n se plasm\u00f3 de dos maneras, por una parte, elaboramos\u00a0 de un repertorio de cursos que ten\u00edan como objetivo mejorar la compentencias para emprender, desde ellos se abordaban aspectos como la [&hellip;]<\/p>\n","protected":false},"author":2,"featured_media":0,"comment_status":"open","ping_status":"open","sticky":false,"template":"","format":"standard","meta":{"_et_pb_use_builder":"","_et_pb_old_content":"","_et_gb_content_width":"","footnotes":""},"categories":[4],"tags":[],"class_list":["post-1082","post","type-post","status-publish","format-standard","hentry","category-noticias"],"_links":{"self":[{"href":"https:\/\/www.aulablog.com\/blog\/wp-json\/wp\/v2\/posts\/1082","targetHints":{"allow":["GET"]}}],"collection":[{"href":"https:\/\/www.aulablog.com\/blog\/wp-json\/wp\/v2\/posts"}],"about":[{"href":"https:\/\/www.aulablog.com\/blog\/wp-json\/wp\/v2\/types\/post"}],"author":[{"embeddable":true,"href":"https:\/\/www.aulablog.com\/blog\/wp-json\/wp\/v2\/users\/2"}],"replies":[{"embeddable":true,"href":"https:\/\/www.aulablog.com\/blog\/wp-json\/wp\/v2\/comments?post=1082"}],"version-history":[{"count":3,"href":"https:\/\/www.aulablog.com\/blog\/wp-json\/wp\/v2\/posts\/1082\/revisions"}],"predecessor-version":[{"id":1084,"href":"https:\/\/www.aulablog.com\/blog\/wp-json\/wp\/v2\/posts\/1082\/revisions\/1084"}],"wp:attachment":[{"href":"https:\/\/www.aulablog.com\/blog\/wp-json\/wp\/v2\/media?parent=1082"}],"wp:term":[{"taxonomy":"category","embeddable":true,"href":"https:\/\/www.aulablog.com\/blog\/wp-json\/wp\/v2\/categories?post=1082"},{"taxonomy":"post_tag","embeddable":true,"href":"https:\/\/www.aulablog.com\/blog\/wp-json\/wp\/v2\/tags?post=1082"}],"curies":[{"name":"wp","href":"https:\/\/api.w.org\/{rel}","templated":true}]}}