{"id":1112,"date":"2013-03-22T09:00:37","date_gmt":"2013-03-22T08:00:37","guid":{"rendered":"http:\/\/www.aulablog.com\/blog\/?p=1112"},"modified":"2013-03-22T12:04:54","modified_gmt":"2013-03-22T11:04:54","slug":"aumentamos-la-realidad-en-penaranda","status":"publish","type":"post","link":"https:\/\/www.aulablog.com\/blog\/2013\/03\/22\/aumentamos-la-realidad-en-penaranda\/","title":{"rendered":"Aumentamos la Realidad en Pe\u00f1aranda"},"content":{"rendered":"<p style=\"text-align: center;\"><img loading=\"lazy\" decoding=\"async\" class=\"aligncenter\" alt=\"\" src=\"http:\/\/proxy.storify.com\/?url=http%3A%2F%2Fsphotos-b.xx.fbcdn.net%2Fhphotos-snc6%2Fs720x720%2F285292_556902407662371_670425606_n.jpg&amp;resize=1&amp;w=490\" width=\"490\" height=\"327\" \/><\/p>\n<p style=\"text-align: center;\">Los participentes con sus dispositivos m\u00f3viles<\/p>\n<p style=\"text-align: justify;\">El pasado 23 de febrero \u2013el c\u00e9lebre 23F- celebramos en Pe\u00f1aranda de Bracamonte (Salamanca) en las instalaciones que la Fundaci\u00f3n Germ\u00e1n S\u00e1nchez Ruip\u00e9rez tiene en el CITA (Centro Internacional de Tecnolog\u00edas Avanzadas) de la mano de la Asociaci\u00f3n Aulablog un Congreso sobre c\u00f3digos QR y realidad aumentada (RA) que nos dej\u00f3 boquiabiertos\u00a0 a la mayor\u00eda de los asistentes\u2026 \u00bfMagia? No, tecnolog\u00eda para la Educaci\u00f3n y Educaci\u00f3n para la tecnolog\u00eda. <em>Quid pro quo<\/em>, que dir\u00eda nuestro amigo Anibal Lecter&#8230;<\/p>\n<p style=\"text-align: justify;\">Aquel fr\u00edo s\u00e1bado de febrero comenzamos a sentir el calorcito de los participantes cuando nuestro compa\u00f1ero <b>Jos\u00e9 Frutos<\/b>, profesor del Colegio San Diego y San Vicente de Madrid, \u00a0tras la tradicional entrega de documentaci\u00f3n y presentaci\u00f3n de la Jornada a cargo de Isidro Vidal, Mar\u00eda Gonz\u00e1lez y Roc\u00edo S\u00e1nchez- hizo una descripci\u00f3n de la app de Aulablog, de la plataforma de creaci\u00f3n de Puntos de Inter\u00e9s (POIs) y nos explic\u00f3 su funcionamiento y c\u00f3mo podemos emplearla en nuestra tarea docente. De esto, precisamente se encargaron, despu\u00e9s de un reconfortante caf\u00e9, los profesores, compa\u00f1eros y amigos aulablogueros Charo Fern\u00e1ndez, C\u00e9sar Poyatos y Jos\u00e9 Luis Gamboa, al presentar sus experiencias de aula con c\u00f3digos QR y Realidad Aumentada. Pod\u00e9is descargaros el app de Aulablog tanto en App Store para IOS como el Android market para Android.<\/p>\n<p style=\"text-align: justify;\"><b>Charo Fern\u00e1ndez<\/b>, profesora del Colegio Salesianos Atocha de Madrid, nos present\u00f3 su proyecto Filoatocha: un herbario digital. <b>C\u00e9sar Poyatos<\/b>, profesor tambi\u00e9n del Colegio San Diego y San Vicente de Madrid,\u00a0 adem\u00e1s de de presentar los diferentes proyectos de su centro, nos habl\u00f3 de c\u00f3mo integrar la Realidad Aumentada en Secundaria y no morir en el intento. Por \u00faltimo, <b>Jos\u00e9 Luis Gamboa<\/b>, profesor del IES La Rosaleda de M\u00e1laga, present\u00f3 sus experiencias con c\u00f3digos QR en el aula. En este <strong><a href=\"http:\/\/storify.com\/aulablog\/congreso-realidad-aumentada-y-educacion-citara?utm_campaign=&amp;utm_source=direct-sfy.co&amp;utm_medium=sfy.co-twitter&amp;awesm=sfy.co_bEnh&amp;utm_content=storify-pingback\" target=\"_blank\">storify <\/a><\/strong>pod\u00e9is disponer de todas sus presentaciones y de la galer\u00eda de fotograf\u00edas que se realizaron aquella jornada.<\/p>\n<p style=\"text-align: justify;\">Tras una -ya tradicional- comida en el restaurante Las Caba\u00f1as de Pe\u00f1aranda, donde siempre nos atienden de una manera acogedora y profesional, y otro recuperador caf\u00e9 de tarde, asistimos a dos de los talleres simult\u00e1neos que se celebraron desde las 16 a 20 horas en las magn\u00edficas instalaciones del CITA:<\/p>\n<ul style=\"text-align: justify;\">\n<li>Realidad aumentada en el aula (Charo Fern\u00e1ndez).<\/li>\n<li>Creaci\u00f3n de <i>Gymkanas<\/i> con Realidad Aumentada (Jos\u00e9 Frutos y C\u00e9sar Poyatos).<\/li>\n<li>Realidad Aumentada con <i>Aumentaty<\/i> (Jos\u00e9 Luis Gamboa).<\/li>\n<\/ul>\n<p style=\"text-align: justify;\">Un poco cansados, pero realmente aumentados en conocimientos, en amistad y en trabajos colaborativos, nos fuimos del pueblo natal de Germ\u00e1n S\u00e1nchez Ruip\u00e9rez con la seguridad de que volveremos a coincidir en esta localidad salmantina, verdadero coraz\u00f3n de las TICs en Educaci\u00f3n estos \u00faltimos a\u00f1os. De hecho, queremos invitaros desde aqu\u00ed al pr\u00f3ximo congreso que se celebrar\u00e1 el pr\u00f3ximo 27 de abril en el mismo CITA: <a href=\"http:\/\/campus.fundaciongsr.es\/camci\/index.php?pid=cursos&amp;accion=detalle&amp;curso=775&amp;info=completa\" target=\"_blank\">Seguridad e Identidad digital y Redes Sociales en Educaci\u00f3n<\/a> donde podremos disfrutar de un verdadero equipo de expertos: Antonio Omatos, Lourdes Barroso, \u00c1ngel Ricardo Puente, V\u00edctor Cuevas, Bernab\u00e9 Mart\u00edn y Carlos L\u00f3pez.<\/p>\n<p>&nbsp;<\/p>\n","protected":false},"excerpt":{"rendered":"<p>Los participentes con sus dispositivos m\u00f3viles El pasado 23 de febrero \u2013el c\u00e9lebre 23F- celebramos en Pe\u00f1aranda de Bracamonte (Salamanca) en las instalaciones que la Fundaci\u00f3n Germ\u00e1n S\u00e1nchez Ruip\u00e9rez tiene en el CITA (Centro Internacional de Tecnolog\u00edas Avanzadas) de la mano de la Asociaci\u00f3n Aulablog un Congreso sobre c\u00f3digos QR y realidad aumentada (RA) que [&hellip;]<\/p>\n","protected":false},"author":4,"featured_media":0,"comment_status":"open","ping_status":"open","sticky":false,"template":"","format":"standard","meta":{"_et_pb_use_builder":"","_et_pb_old_content":"","_et_gb_content_width":"","footnotes":""},"categories":[4],"tags":[48,165,164],"class_list":["post-1112","post","type-post","status-publish","format-standard","hentry","category-noticias","tag-cita","tag-qr","tag-ra"],"_links":{"self":[{"href":"https:\/\/www.aulablog.com\/blog\/wp-json\/wp\/v2\/posts\/1112","targetHints":{"allow":["GET"]}}],"collection":[{"href":"https:\/\/www.aulablog.com\/blog\/wp-json\/wp\/v2\/posts"}],"about":[{"href":"https:\/\/www.aulablog.com\/blog\/wp-json\/wp\/v2\/types\/post"}],"author":[{"embeddable":true,"href":"https:\/\/www.aulablog.com\/blog\/wp-json\/wp\/v2\/users\/4"}],"replies":[{"embeddable":true,"href":"https:\/\/www.aulablog.com\/blog\/wp-json\/wp\/v2\/comments?post=1112"}],"version-history":[{"count":17,"href":"https:\/\/www.aulablog.com\/blog\/wp-json\/wp\/v2\/posts\/1112\/revisions"}],"predecessor-version":[{"id":1114,"href":"https:\/\/www.aulablog.com\/blog\/wp-json\/wp\/v2\/posts\/1112\/revisions\/1114"}],"wp:attachment":[{"href":"https:\/\/www.aulablog.com\/blog\/wp-json\/wp\/v2\/media?parent=1112"}],"wp:term":[{"taxonomy":"category","embeddable":true,"href":"https:\/\/www.aulablog.com\/blog\/wp-json\/wp\/v2\/categories?post=1112"},{"taxonomy":"post_tag","embeddable":true,"href":"https:\/\/www.aulablog.com\/blog\/wp-json\/wp\/v2\/tags?post=1112"}],"curies":[{"name":"wp","href":"https:\/\/api.w.org\/{rel}","templated":true}]}}