{"id":154,"date":"2011-05-09T21:24:21","date_gmt":"2011-05-09T20:24:21","guid":{"rendered":"http:\/\/www.aulablog.com\/blog\/?p=154"},"modified":"2011-05-15T23:21:54","modified_gmt":"2011-05-15T22:21:54","slug":"vi-encuentro-de-aulablog","status":"publish","type":"post","link":"https:\/\/www.aulablog.com\/blog\/2011\/05\/09\/vi-encuentro-de-aulablog\/","title":{"rendered":"VI Encuentro de Aulablog, \u00a1ya llega!"},"content":{"rendered":"<p><img loading=\"lazy\" decoding=\"async\" class=\"aligncenter\" title=\"VI Encuentro Aulablog\" src=\"http:\/\/farm4.static.flickr.com\/3203\/5704670524_79bcf1d164.jpg\" alt=\"VI Encuentro Aulablog cabecera\" width=\"500\" height=\"56\" \/>Aunque el rumor lleva d\u00edas por la red&#8230;\u00a0 Hoy queremos comunicaros que ya est\u00e1 en marcha, de manera oficial, la <a href=\"https:\/\/www.aulablog.com\/blog\/edublogs11\/\" target=\"_blank\"><strong>VI\u00a0 edici\u00f3n de los Encuentros Aulablog<\/strong>.<\/a> Este a\u00f1o nos vamos a <strong>Madrid <\/strong>para compartir una experiencia \u00fanica a la que queremos invitar a todos\/as los profesores\/as que tengan ganas de aprender, compartir, sonreir&#8230; y bailar.<\/p>\n<p><img loading=\"lazy\" decoding=\"async\" class=\"alignleft\" title=\"Cartel del Encuentro\" src=\"https:\/\/www.aulablog.com\/blog\/edublogs11\/files\/2011\/04\/edublogs11_cartel2.jpg\" alt=\"cartel\" width=\"190\" height=\"269\" \/>La cita: el <strong>4, 5 y 6 de julio <\/strong>de 2011.<br \/>\nEl lugar: La <a href=\"http:\/\/www.eoi.es\/portal\/guest\/inicio\" target=\"_blank\">EOI<\/a> (Escuela de Organizaci\u00f3n Industrial) de Madrid<br \/>\nEl <a title=\"Programa VI Encuentro de Aulablog\" href=\"https:\/\/www.aulablog.com\/blog\/edublogs11\/programa\/\" target=\"_blank\">programa<\/a><br \/>\nEl <a title=\"Formulario de inscripci\u00f3n\" href=\"https:\/\/www.aulablog.com\/blog\/edublogs11\/inscripciones\/\" target=\"_blank\">formulario de inscripci\u00f3n<\/a> (plazas limitadas)<br \/>\nY&#8230; en unas horas, la descripci\u00f3n de los talleres. Este a\u00f1o, adem\u00e1s de los habituales,\u00a0 hemos incorporado otros, muy unidos a nuestra labor docente, y que est\u00e1n relacionados con metodolog\u00edas, emociones, identidad digital&#8230; \u00a1Una oferta completa!<br \/>\nSi quer\u00e9is compartir vuestras experiencias, no olvid\u00e9is enviar una comunicaci\u00f3n. \u00a1Estamos deseosos de conocer vuestro trabajo!<br \/>\nPara los que ya hab\u00e9is acudido en ocasiones precedentes, <strong>\u00a1nos vemos en Madrid! <\/strong>Para los que est\u00e1n pensando qu\u00e9 hacer esos primeros d\u00edas de julio, \u00a1animaos!<\/p>\n<p>&nbsp;<\/p>\n<p>Desde la experiencia de quienes ya somos \u00abveteranos\u00bb en estos encuentros, garantizamos una \u00abr\u00e1pida recuperaci\u00f3n\u00bb del cansacio acumulado durante el curso.<br \/>\nAqu\u00ed os dejamos los enlaces de los encuentros anteriores:<\/p>\n<ul>\n<li><a href=\"http:\/\/www.aulablog.com\/portal\/edublogs2006\" target=\"_blank\">Roa<\/a>, 2006<\/li>\n<li><a href=\"http:\/\/www.aulablog.com\/portal\/edublogs2007\" target=\"_blank\">Ayerbe<\/a>, 2007<\/li>\n<li><a href=\"http:\/\/www.aulablog.com\/portal\/edublogs2008\" target=\"_blank\">Santiago<\/a>, 2008<\/li>\n<li><a href=\"http:\/\/www.aulablog.com\/portal\/edublogs2009\" target=\"_blank\">Getxo<\/a>, 2009<\/li>\n<li><a href=\"http:\/\/aulablog.com\/edublogs2010\/\" target=\"_blank\">Avil\u00e9s<\/a>, 2010<\/li>\n<\/ul>\n<p>Y algunas im\u00e1genes de los mismos:<br \/>\n<object width=\"400\" height=\"300\"><param name=\"flashvars\" value=\"offsite=true&amp;lang=es-us&amp;page_show_url=%2Fphotos%2Fedublogs06%2Fshow%2F&amp;page_show_back_url=%2Fphotos%2Fedublogs06%2F&amp;user_id=72258230@N00&amp;jump_to=\" \/><param name=\"movie\" value=\"http:\/\/www.flickr.com\/apps\/slideshow\/show.swf?v=71649\" \/><param name=\"allowFullScreen\" value=\"true\" \/><embed type=\"application\/x-shockwave-flash\" width=\"400\" height=\"300\" src=\"http:\/\/www.flickr.com\/apps\/slideshow\/show.swf?v=71649\" allowfullscreen=\"true\" flashvars=\"offsite=true&amp;lang=es-us&amp;page_show_url=%2Fphotos%2Fedublogs06%2Fshow%2F&amp;page_show_back_url=%2Fphotos%2Fedublogs06%2F&amp;user_id=72258230@N00&amp;jump_to=\"><\/embed><\/object><\/p>\n","protected":false},"excerpt":{"rendered":"<p>Aunque el rumor lleva d\u00edas por la red&#8230;\u00a0 Hoy queremos comunicaros que ya est\u00e1 en marcha, de manera oficial, la VI\u00a0 edici\u00f3n de los Encuentros Aulablog. Este a\u00f1o nos vamos a Madrid para compartir una experiencia \u00fanica a la que queremos invitar a todos\/as los profesores\/as que tengan ganas de aprender, compartir, sonreir&#8230; y bailar. [&hellip;]<\/p>\n","protected":false},"author":51,"featured_media":0,"comment_status":"open","ping_status":"open","sticky":false,"template":"","format":"standard","meta":{"_et_pb_use_builder":"","_et_pb_old_content":"","_et_gb_content_width":"","footnotes":""},"categories":[4],"tags":[32,33,31,30],"class_list":["post-154","post","type-post","status-publish","format-standard","hentry","category-noticias","tag-eoi","tag-jornadas","tag-madrid","tag-vi-encuentro-aulablog"],"_links":{"self":[{"href":"https:\/\/www.aulablog.com\/blog\/wp-json\/wp\/v2\/posts\/154","targetHints":{"allow":["GET"]}}],"collection":[{"href":"https:\/\/www.aulablog.com\/blog\/wp-json\/wp\/v2\/posts"}],"about":[{"href":"https:\/\/www.aulablog.com\/blog\/wp-json\/wp\/v2\/types\/post"}],"author":[{"embeddable":true,"href":"https:\/\/www.aulablog.com\/blog\/wp-json\/wp\/v2\/users\/51"}],"replies":[{"embeddable":true,"href":"https:\/\/www.aulablog.com\/blog\/wp-json\/wp\/v2\/comments?post=154"}],"version-history":[{"count":17,"href":"https:\/\/www.aulablog.com\/blog\/wp-json\/wp\/v2\/posts\/154\/revisions"}],"predecessor-version":[{"id":188,"href":"https:\/\/www.aulablog.com\/blog\/wp-json\/wp\/v2\/posts\/154\/revisions\/188"}],"wp:attachment":[{"href":"https:\/\/www.aulablog.com\/blog\/wp-json\/wp\/v2\/media?parent=154"}],"wp:term":[{"taxonomy":"category","embeddable":true,"href":"https:\/\/www.aulablog.com\/blog\/wp-json\/wp\/v2\/categories?post=154"},{"taxonomy":"post_tag","embeddable":true,"href":"https:\/\/www.aulablog.com\/blog\/wp-json\/wp\/v2\/tags?post=154"}],"curies":[{"name":"wp","href":"https:\/\/api.w.org\/{rel}","templated":true}]}}