{"id":1674,"date":"2014-07-03T17:20:09","date_gmt":"2014-07-03T15:20:09","guid":{"rendered":"http:\/\/www.aulablog.com\/blog\/?p=1674"},"modified":"2014-07-07T21:34:23","modified_gmt":"2014-07-07T19:34:23","slug":"inauguracion-del-encuentro","status":"publish","type":"post","link":"https:\/\/www.aulablog.com\/blog\/2014\/07\/03\/inauguracion-del-encuentro\/","title":{"rendered":"Inauguraci\u00f3n del encuentro"},"content":{"rendered":"<p dir=\"ltr\">Inauguraci\u00f3n del encuentro a cargo de Jordi Vivancos que nos adelanta el trabajo de creaci\u00f3n de apps en institutos catalanes adem\u00e1s del uso de Scrach en centros.<br \/>\nSeguidamente, el concejal de educaci\u00f3n nos da la bienvenida a Barcelona.<br \/>\nDice que la barrera del miedo es tan poderosa como la falta de recursos para acometer el cambio educativo.<br \/>\nProyecto para secundaria y bachillerato en la que estudian la f\u00edsica en el Tibidabo.<br \/>\nManduka games nos ha presentado la app de aulaBLOG que contiene la caja de herramientas de Lacear, el juego del superprofe y el cancionero de Aulablog.<\/p>\n<p dir=\"ltr\">\n\n\t\t<style type=\"text\/css\">\n\t\t\t#gallery-1 {\n\t\t\t\tmargin: auto;\n\t\t\t}\n\t\t\t#gallery-1 .gallery-item {\n\t\t\t\tfloat: left;\n\t\t\t\tmargin-top: 10px;\n\t\t\t\ttext-align: center;\n\t\t\t\twidth: 33%;\n\t\t\t}\n\t\t\t#gallery-1 img {\n\t\t\t\tborder: 2px solid #cfcfcf;\n\t\t\t}\n\t\t\t#gallery-1 .gallery-caption {\n\t\t\t\tmargin-left: 0;\n\t\t\t}\n\t\t\t\/* see gallery_shortcode() in wp-includes\/media.php *\/\n\t\t<\/style>\n\t\t<div id='gallery-1' class='gallery galleryid-1674 gallery-columns-3 gallery-size-thumbnail'><dl class='gallery-item'>\n\t\t\t<dt class='gallery-icon landscape'>\n\t\t\t\t<a href='https:\/\/www.aulablog.com\/blog\/2014\/07\/03\/inauguracion-del-encuentro\/20140703_163950\/'><img loading=\"lazy\" decoding=\"async\" width=\"150\" height=\"150\" src=\"https:\/\/www.aulablog.com\/blog\/wp-content\/uploads\/2014\/07\/20140703_163950-150x150.jpg\" class=\"attachment-thumbnail size-thumbnail\" alt=\"\" srcset=\"https:\/\/www.aulablog.com\/blog\/wp-content\/uploads\/2014\/07\/20140703_163950-150x150.jpg 150w, https:\/\/www.aulablog.com\/blog\/wp-content\/uploads\/2014\/07\/20140703_163950-144x144.jpg 144w\" sizes=\"(max-width: 150px) 100vw, 150px\" \/><\/a>\n\t\t\t<\/dt><\/dl><dl class='gallery-item'>\n\t\t\t<dt class='gallery-icon landscape'>\n\t\t\t\t<a href='https:\/\/www.aulablog.com\/blog\/2014\/07\/03\/inauguracion-del-encuentro\/attachment\/1404399994670\/'><img loading=\"lazy\" decoding=\"async\" width=\"150\" height=\"150\" src=\"https:\/\/www.aulablog.com\/blog\/wp-content\/uploads\/2014\/07\/1404399994670-150x150.jpg\" class=\"attachment-thumbnail size-thumbnail\" alt=\"\" srcset=\"https:\/\/www.aulablog.com\/blog\/wp-content\/uploads\/2014\/07\/1404399994670-150x150.jpg 150w, https:\/\/www.aulablog.com\/blog\/wp-content\/uploads\/2014\/07\/1404399994670-144x144.jpg 144w\" sizes=\"(max-width: 150px) 100vw, 150px\" \/><\/a>\n\t\t\t<\/dt><\/dl>\n\t\t\t<br style='clear: both' \/>\n\t\t<\/div>\n\n","protected":false},"excerpt":{"rendered":"<p>Inauguraci\u00f3n del encuentro a cargo de Jordi Vivancos que nos adelanta el trabajo de creaci\u00f3n de apps en institutos catalanes adem\u00e1s del uso de Scrach en centros. Seguidamente, el concejal de educaci\u00f3n nos da la bienvenida a Barcelona. Dice que la barrera del miedo es tan poderosa como la falta de recursos para acometer el [&hellip;]<\/p>\n","protected":false},"author":42,"featured_media":0,"comment_status":"open","ping_status":"open","sticky":false,"template":"","format":"standard","meta":{"_et_pb_use_builder":"","_et_pb_old_content":"","_et_gb_content_width":"","footnotes":""},"categories":[4],"tags":[45],"class_list":["post-1674","post","type-post","status-publish","format-standard","hentry","category-noticias","tag-conferencia-inaugural"],"_links":{"self":[{"href":"https:\/\/www.aulablog.com\/blog\/wp-json\/wp\/v2\/posts\/1674","targetHints":{"allow":["GET"]}}],"collection":[{"href":"https:\/\/www.aulablog.com\/blog\/wp-json\/wp\/v2\/posts"}],"about":[{"href":"https:\/\/www.aulablog.com\/blog\/wp-json\/wp\/v2\/types\/post"}],"author":[{"embeddable":true,"href":"https:\/\/www.aulablog.com\/blog\/wp-json\/wp\/v2\/users\/42"}],"replies":[{"embeddable":true,"href":"https:\/\/www.aulablog.com\/blog\/wp-json\/wp\/v2\/comments?post=1674"}],"version-history":[{"count":1,"href":"https:\/\/www.aulablog.com\/blog\/wp-json\/wp\/v2\/posts\/1674\/revisions"}],"predecessor-version":[{"id":1677,"href":"https:\/\/www.aulablog.com\/blog\/wp-json\/wp\/v2\/posts\/1674\/revisions\/1677"}],"wp:attachment":[{"href":"https:\/\/www.aulablog.com\/blog\/wp-json\/wp\/v2\/media?parent=1674"}],"wp:term":[{"taxonomy":"category","embeddable":true,"href":"https:\/\/www.aulablog.com\/blog\/wp-json\/wp\/v2\/categories?post=1674"},{"taxonomy":"post_tag","embeddable":true,"href":"https:\/\/www.aulablog.com\/blog\/wp-json\/wp\/v2\/tags?post=1674"}],"curies":[{"name":"wp","href":"https:\/\/api.w.org\/{rel}","templated":true}]}}