{"id":1737,"date":"2014-10-31T11:00:28","date_gmt":"2014-10-31T10:00:28","guid":{"rendered":"http:\/\/www.aulablog.com\/blog\/?p=1737"},"modified":"2014-10-31T11:38:51","modified_gmt":"2014-10-31T10:38:51","slug":"diez-meses-diez-principios","status":"publish","type":"post","link":"https:\/\/www.aulablog.com\/blog\/2014\/10\/31\/diez-meses-diez-principios\/","title":{"rendered":"Diez meses, diez principios"},"content":{"rendered":"<p style=\"text-align: justify;\">Roa de Duero, Julio de 2006. En aquel momento poco se hablaba de las tecnolog\u00edas al servicio del aprendizaje. Un grupo de profesores y profesoras comenz\u00f3 a abogar por la efectiva incorporaci\u00f3n de la tecnolog\u00eda en las aulas, para conseguir la universalizaci\u00f3n de la misma y la alfabetizaci\u00f3n digital \u00a0de la ciudadan\u00eda. <b>Aquel a\u00f1o nace aulaBLOG<\/b> con una <a href=\"http:\/\/aulablog.wikispaces.com\/Declaracion+de+Roa\">declaraci\u00f3n de principios<\/a>, que, si la volvemos a leer, vemos que sigue plenamente vigente hoy en d\u00eda.<\/p>\n<p style=\"text-align: justify;\">Y en 2015 se cumplen diez a\u00f1os de acciones encaminadas a difundir y defender la tecnolog\u00eda en las escuelas. Diez a\u00f1os de concienciar y contagiar al profesorado que quiere proporcionar una educaci\u00f3n emocionante y de calidad a sus alumnos y alumnas.<\/p>\n<p style=\"text-align: justify;\">Diez a\u00f1os es una fecha memorable, y este aniversario queremos implicar a las personas que forman parte o siguen a <a href=\"https:\/\/www.aulablog.com\/blog\/\">aulaBLOG<\/a> para que puedan participar de una manera activa en \u00e9l. Para ello, a partir de este momento, lanzamos la campa\u00f1a <b>\u201cDiez meses, diez principios\u201d<\/b>, para seguir estimulando a la comunidad educativa a la integraci\u00f3n de las TIC en su pr\u00e1ctica docente.<\/p>\n<p style=\"text-align: justify;\">Ha comenzado la cuenta atr\u00e1s para el Encuentro aulaBLOG 2015. Quedan diez meses para encontrarnos en <a href=\"https:\/\/es.wikipedia.org\/wiki\/Ubrique#\">Ubrique (C\u00e1diz)<\/a>. Cada mes, lanzaremos desde nuestra cuenta en Twitter, una propuesta bajo el hashtag <a href=\"https:\/\/twitter.com\/search?q=refrescatuaula&amp;src=typd\"><b>#refrescatuaula<\/b><\/a>. Nuestro objetivo: conectar, compartir y difundir las experiencias de todos aquellos que seguimos apostando por los diez principios de Roa.<\/p>\n<p style=\"text-align: justify;\"><b>Os animamos a participar<\/b> en esta nueva campa\u00f1a de aulaBLOG: tuitea, retuitea, comenta y participa con nosotros\/as.<\/p>\n","protected":false},"excerpt":{"rendered":"<p>Roa de Duero, Julio de 2006. En aquel momento poco se hablaba de las tecnolog\u00edas al servicio del aprendizaje. Un grupo de profesores y profesoras comenz\u00f3 a abogar por la efectiva incorporaci\u00f3n de la tecnolog\u00eda en las aulas, para conseguir la universalizaci\u00f3n de la misma y la alfabetizaci\u00f3n digital \u00a0de la ciudadan\u00eda. Aquel a\u00f1o nace [&hellip;]<\/p>\n","protected":false},"author":4,"featured_media":0,"comment_status":"open","ping_status":"open","sticky":false,"template":"","format":"standard","meta":{"_et_pb_use_builder":"","_et_pb_old_content":"","_et_gb_content_width":"","footnotes":""},"categories":[4],"tags":[210,176],"class_list":["post-1737","post","type-post","status-publish","format-standard","hentry","category-noticias","tag-aniversario","tag-encuentro"],"_links":{"self":[{"href":"https:\/\/www.aulablog.com\/blog\/wp-json\/wp\/v2\/posts\/1737","targetHints":{"allow":["GET"]}}],"collection":[{"href":"https:\/\/www.aulablog.com\/blog\/wp-json\/wp\/v2\/posts"}],"about":[{"href":"https:\/\/www.aulablog.com\/blog\/wp-json\/wp\/v2\/types\/post"}],"author":[{"embeddable":true,"href":"https:\/\/www.aulablog.com\/blog\/wp-json\/wp\/v2\/users\/4"}],"replies":[{"embeddable":true,"href":"https:\/\/www.aulablog.com\/blog\/wp-json\/wp\/v2\/comments?post=1737"}],"version-history":[{"count":6,"href":"https:\/\/www.aulablog.com\/blog\/wp-json\/wp\/v2\/posts\/1737\/revisions"}],"predecessor-version":[{"id":1739,"href":"https:\/\/www.aulablog.com\/blog\/wp-json\/wp\/v2\/posts\/1737\/revisions\/1739"}],"wp:attachment":[{"href":"https:\/\/www.aulablog.com\/blog\/wp-json\/wp\/v2\/media?parent=1737"}],"wp:term":[{"taxonomy":"category","embeddable":true,"href":"https:\/\/www.aulablog.com\/blog\/wp-json\/wp\/v2\/categories?post=1737"},{"taxonomy":"post_tag","embeddable":true,"href":"https:\/\/www.aulablog.com\/blog\/wp-json\/wp\/v2\/tags?post=1737"}],"curies":[{"name":"wp","href":"https:\/\/api.w.org\/{rel}","templated":true}]}}