{"id":2205,"date":"2016-10-25T16:14:15","date_gmt":"2016-10-25T14:14:15","guid":{"rendered":"http:\/\/www.aulablog.com\/blog\/?p=2205"},"modified":"2016-10-25T22:00:27","modified_gmt":"2016-10-25T20:00:27","slug":"despegamos-rumbo-a-las-escuelas-creativas","status":"publish","type":"post","link":"https:\/\/www.aulablog.com\/blog\/2016\/10\/25\/despegamos-rumbo-a-las-escuelas-creativas\/","title":{"rendered":"Despegamos rumbo a las Escuelas Creativas"},"content":{"rendered":"<p style=\"text-align: justify;\"><span style=\"font-weight: 400;\">Hace unos pocos meses aceptamos la propuesta de <\/span><b>Fundaci\u00f3n de Tel\u00e9fonica<\/b><span style=\"font-weight: 400;\"> y <\/span><a href=\"https:\/\/es.wikipedia.org\/wiki\/Ferran_Adri%C3%A0\"><b>Ferran a Adri\u00e1<\/b><\/a><span style=\"font-weight: 400;\"> de colaborar en el proyecto de <\/span><a href=\"https:\/\/ferranadria.fundaciontelefonica.com\/\"><span style=\"font-weight: 400;\">Escuelas Creativas<\/span><\/a><span style=\"font-weight: 400;\">, que ten\u00eda como objetivo promover la creatividad en los centros educativos, tratando de transferir a los docentes y centros las claves que hicieron de elBulli una experiencia referente mundial en el \u00e1mbito de la innovaci\u00f3n y la creatividad.<\/span><\/p>\n<p style=\"text-align: justify;\"><span style=\"font-weight: 400;\">Para aulaBLOG\u00a0supon\u00eda un reto importante, era dif\u00edcil calcular la envergadura del proyecto con los datos iniciales de que dispon\u00edamos, pero el tema y el objetivo eran enormemente atractivos y necesarios. Las razones que nos llevaron a aceptar el reto fueron b\u00e1sicamente tres:<\/span><\/p>\n<ul style=\"text-align: justify;\">\n<li style=\"font-weight: 400;\"><span style=\"font-weight: 400;\">Era <\/span><b>una ocasi\u00f3n para seguir aprendiendo<\/b><span style=\"font-weight: 400;\">, de la mano de<\/span><b> Ferran Adri\u00e1<\/b><span style=\"font-weight: 400;\">, algo que no pasa todos los d\u00edas.<\/span><\/li>\n<li style=\"font-weight: 400;\"><span style=\"font-weight: 400;\">Creemos que <\/span><b>podemos aportar<\/b><span style=\"font-weight: 400;\"> al proyecto toda la experiencia docente que acumulamos.<\/span><\/li>\n<li style=\"font-weight: 400;\"><span style=\"font-weight: 400;\">Tambi\u00e9n, confi\u00e1bamos en <\/span><b>divertirnos y poder disfrutar de la experiencia<\/b><span style=\"font-weight: 400;\">.<\/span><\/li>\n<\/ul>\n<p style=\"text-align: justify;\"><iframe loading=\"lazy\" src=\"https:\/\/www.youtube.com\/embed\/6nDC07NZctM?rel=0\" width=\"853\" height=\"480\" frameborder=\"0\" allowfullscreen=\"allowfullscreen\"><\/iframe><\/p>\n<p style=\"text-align: justify;\"><span style=\"font-weight: 400;\">En este tiempo hemos trabajado intensamente en varias direcciones. Nos hemos sumergido en la experiencia de <\/span><a href=\"https:\/\/es.wikipedia.org\/wiki\/El_Bulli\"><b>elBulli<\/b><\/a><span style=\"font-weight: 400;\"> a trav\u00e9s de v\u00eddeos, lecturas, etc.. Descubrimos que compart\u00edamos muchas cosas con esa experiencia: la pasi\u00f3n por el trabajo, el deseo de aprender y compartir conocimiento como principal motor para la acci\u00f3n. <\/span><\/p>\n<p style=\"text-align: justify;\"><span style=\"font-weight: 400;\">Tambi\u00e9n descubrimos a <\/span><a href=\"https:\/\/es.wikipedia.org\/wiki\/El_Bulli\"><span style=\"font-weight: 400;\">@ferranadria<\/span><\/a><span style=\"font-weight: 400;\"> , a veces imposible de seguir en la velocidad de sus razonamientos, ret\u00e1ndonos constantemente con preguntas que pon\u00edan a prueba nuestra comprensi\u00f3n de su trabajo y su mensaje, pero siempre entregado, derrochando ganas e ilusi\u00f3n en aquello que emprende, con un verdadero deseo que cambiar y mejorar la educaci\u00f3n, dispuesto a establecer un generoso compromiso personal para contribuir a este objetivo.<\/span><\/p>\n<p style=\"text-align: justify;\"><span style=\"font-weight: 400;\">De ese proceso de trabajo y muchas horas de reflexi\u00f3n, fueron surgiendo las propuestas para el aula en las que estamos trabajando, eso si, a contrarreloj. No vamos a proporcionar recetas, cada cual tendr\u00e1 que elaborar las suyas, pero si estamos trabajando en dar recursos que puedan ser llevados al aula, conscientes de la sobrecarga de trabajo que tienen los profesores y profesoras. <\/span><\/p>\n<p style=\"text-align: justify;\"><span style=\"font-weight: 400;\">Tambi\u00e9n sabemos por propia experiencia (somos una red docente), que el avance y la innovaci\u00f3n no puede ser individual, que tenemos aunar fuerzas, compartir experiencias, reflexiones, propuestas \u2026, queremos que este proyecto sea lo m\u00e1s participativo posible, para seguir aprendiendo y descubriendo el camino que nos lleve a nosotros y a nuestros chicos y chicas a ser m\u00e1s creativos y capaces de afrontar los retos que tenemos planteados.<\/span><\/p>\n<p style=\"text-align: justify;\"><b>\u00a1\u00a1\u00a1\u00a1 Os esperamos en <\/b><a href=\"https:\/\/ferranadria.fundaciontelefonica.com\/\"><b>Escuelas Creativas<\/b><\/a><b> !!!!<\/b><span style=\"font-weight: 400;\">. <\/span><\/p>\n<p style=\"text-align: justify;\"><span style=\"font-weight: 400;\">Seguimos hablando en <strong>#escuelascreativasadri\u00e1<\/strong><\/span><\/p>\n","protected":false},"excerpt":{"rendered":"<p>Hace unos pocos meses aceptamos la propuesta de Fundaci\u00f3n de Tel\u00e9fonica y Ferran a Adri\u00e1 de colaborar en el proyecto de Escuelas Creativas, que ten\u00eda como objetivo promover la creatividad en los centros educativos, tratando de transferir a los docentes y centros las claves que hicieron de elBulli una experiencia referente mundial en el \u00e1mbito [&hellip;]<\/p>\n","protected":false},"author":6,"featured_media":2206,"comment_status":"open","ping_status":"open","sticky":false,"template":"","format":"standard","meta":{"_et_pb_use_builder":"","_et_pb_old_content":"","_et_gb_content_width":"","footnotes":""},"categories":[4],"tags":[243,242,244,245],"class_list":["post-2205","post","type-post","status-publish","format-standard","has-post-thumbnail","hentry","category-noticias","tag-escuelas-creativas","tag-creatividad","tag-ferran-adria","tag-proyectos"],"_links":{"self":[{"href":"https:\/\/www.aulablog.com\/blog\/wp-json\/wp\/v2\/posts\/2205","targetHints":{"allow":["GET"]}}],"collection":[{"href":"https:\/\/www.aulablog.com\/blog\/wp-json\/wp\/v2\/posts"}],"about":[{"href":"https:\/\/www.aulablog.com\/blog\/wp-json\/wp\/v2\/types\/post"}],"author":[{"embeddable":true,"href":"https:\/\/www.aulablog.com\/blog\/wp-json\/wp\/v2\/users\/6"}],"replies":[{"embeddable":true,"href":"https:\/\/www.aulablog.com\/blog\/wp-json\/wp\/v2\/comments?post=2205"}],"version-history":[{"count":2,"href":"https:\/\/www.aulablog.com\/blog\/wp-json\/wp\/v2\/posts\/2205\/revisions"}],"predecessor-version":[{"id":2209,"href":"https:\/\/www.aulablog.com\/blog\/wp-json\/wp\/v2\/posts\/2205\/revisions\/2209"}],"wp:featuredmedia":[{"embeddable":true,"href":"https:\/\/www.aulablog.com\/blog\/wp-json\/wp\/v2\/media\/2206"}],"wp:attachment":[{"href":"https:\/\/www.aulablog.com\/blog\/wp-json\/wp\/v2\/media?parent=2205"}],"wp:term":[{"taxonomy":"category","embeddable":true,"href":"https:\/\/www.aulablog.com\/blog\/wp-json\/wp\/v2\/categories?post=2205"},{"taxonomy":"post_tag","embeddable":true,"href":"https:\/\/www.aulablog.com\/blog\/wp-json\/wp\/v2\/tags?post=2205"}],"curies":[{"name":"wp","href":"https:\/\/api.w.org\/{rel}","templated":true}]}}