{"id":2251,"date":"2017-03-16T19:44:10","date_gmt":"2017-03-16T18:44:10","guid":{"rendered":"http:\/\/www.aulablog.com\/blog\/?p=2251"},"modified":"2017-03-16T20:01:53","modified_gmt":"2017-03-16T19:01:53","slug":"openaulablog-sabado-25-de-marzo-en-la-ile-en-madrid","status":"publish","type":"post","link":"https:\/\/www.aulablog.com\/blog\/2017\/03\/16\/openaulablog-sabado-25-de-marzo-en-la-ile-en-madrid\/","title":{"rendered":"#OPENAulaBLOG S\u00e1bado 25 de Marzo en la ILE en Madrid"},"content":{"rendered":"<p>El pr\u00f3ximo 25 de marzo, s\u00e1bado, vamos a realizar una reuni\u00f3n, un #OPENaulaBLOG, en el marco incomparable de la Fundaci\u00f3n Vicente Giner de los R\u00edos [Instituci\u00f3n Libre de Ense\u00f1anza] <a href=\"https:\/\/www.google.com\/url?q=http:\/\/www.fundacionginer.org\/&amp;sa=D&amp;ust=1489692729268000&amp;usg=AFQjCNG6A9ky8tIWww2kBJXlVr-qpme9rg\">http:\/\/www.fundacionginer.org\/<\/a> en Madrid.<\/p>\n<p>Ser\u00e1 un d\u00eda estupendo para volver a encontrarnos y disfrutar de la compa\u00f1\u00eda de todos.<\/p>\n<p>Hemos preparado el siguiente Programa:<\/p>\n<ul>\n<li>9:45 -10:00 recibimiento<\/li>\n<li>10:00 &#8211; 11:15\u00a0Conferencia. Fernando Cembranos \u00abInteligencia colectiva y cambio educativo\u00bb<\/li>\n<li>11:15 -11:45 Caf\u00e9<\/li>\n<li>11:45 &#8211; 13:30 Mesas de trabajo:\n<ul>\n<li>Nodos de Scratch: Pa\u00eds Vasco, Asturias, Madrid, Catalu\u00f1a, Andaluc\u00eda<\/li>\n<li>Taller de StopMotion<\/li>\n<li>Taller de Creapptividad<\/li>\n<li>Taller de Gamificaci\u00f3n<\/li>\n<\/ul>\n<\/li>\n<\/ul>\n<ul>\n<li>13:30-14:00 Cierre<\/li>\n<li>14:00 Comida networking<\/li>\n<\/ul>\n<p>&nbsp;<\/p>\n<p>Si vais a acudir rellenad, por favor, \u00a0<strong>el siguiente formulario<\/strong> con vuestros datos:<\/p>\n<p>&nbsp;<br \/>\n<iframe loading=\"lazy\" src=\"https:\/\/docs.google.com\/forms\/d\/e\/1FAIpQLScpwRYIUkHxo6DtnsREmdxQd52-GqYoTd7xmduNgrrKa2tz_g\/viewform?embedded=true\" width=\"760\" height=\"500\" frameborder=\"0\" marginwidth=\"0\" marginheight=\"0\">Cargando&#8230;<\/iframe><\/p>\n<p>\u00a1Nos vemos en Madrid!<\/p>\n","protected":false},"excerpt":{"rendered":"<p>El pr\u00f3ximo 25 de marzo, s\u00e1bado, vamos a realizar una reuni\u00f3n, un #OPENaulaBLOG, en el marco incomparable de la Fundaci\u00f3n Vicente Giner de los R\u00edos [Instituci\u00f3n Libre de Ense\u00f1anza] http:\/\/www.fundacionginer.org\/ en Madrid. Ser\u00e1 un d\u00eda estupendo para volver a encontrarnos y disfrutar de la compa\u00f1\u00eda de todos. Hemos preparado el siguiente Programa: 9:45 -10:00 recibimiento [&hellip;]<\/p>\n","protected":false},"author":6,"featured_media":0,"comment_status":"open","ping_status":"open","sticky":false,"template":"","format":"standard","meta":{"_et_pb_use_builder":"","_et_pb_old_content":"","_et_gb_content_width":"","footnotes":""},"categories":[4],"tags":[],"class_list":["post-2251","post","type-post","status-publish","format-standard","hentry","category-noticias"],"_links":{"self":[{"href":"https:\/\/www.aulablog.com\/blog\/wp-json\/wp\/v2\/posts\/2251","targetHints":{"allow":["GET"]}}],"collection":[{"href":"https:\/\/www.aulablog.com\/blog\/wp-json\/wp\/v2\/posts"}],"about":[{"href":"https:\/\/www.aulablog.com\/blog\/wp-json\/wp\/v2\/types\/post"}],"author":[{"embeddable":true,"href":"https:\/\/www.aulablog.com\/blog\/wp-json\/wp\/v2\/users\/6"}],"replies":[{"embeddable":true,"href":"https:\/\/www.aulablog.com\/blog\/wp-json\/wp\/v2\/comments?post=2251"}],"version-history":[{"count":6,"href":"https:\/\/www.aulablog.com\/blog\/wp-json\/wp\/v2\/posts\/2251\/revisions"}],"predecessor-version":[{"id":2258,"href":"https:\/\/www.aulablog.com\/blog\/wp-json\/wp\/v2\/posts\/2251\/revisions\/2258"}],"wp:attachment":[{"href":"https:\/\/www.aulablog.com\/blog\/wp-json\/wp\/v2\/media?parent=2251"}],"wp:term":[{"taxonomy":"category","embeddable":true,"href":"https:\/\/www.aulablog.com\/blog\/wp-json\/wp\/v2\/categories?post=2251"},{"taxonomy":"post_tag","embeddable":true,"href":"https:\/\/www.aulablog.com\/blog\/wp-json\/wp\/v2\/tags?post=2251"}],"curies":[{"name":"wp","href":"https:\/\/api.w.org\/{rel}","templated":true}]}}