{"id":2382,"date":"2018-02-26T16:31:10","date_gmt":"2018-02-26T15:31:10","guid":{"rendered":"http:\/\/www.aulablog.com\/blog\/?p=2382"},"modified":"2018-02-26T16:31:10","modified_gmt":"2018-02-26T15:31:10","slug":"openaulablog-taller-la-personalizacion-y-los-paisajes-de-aprendizaje","status":"publish","type":"post","link":"https:\/\/www.aulablog.com\/blog\/2018\/02\/26\/openaulablog-taller-la-personalizacion-y-los-paisajes-de-aprendizaje\/","title":{"rendered":"#OPENaulaBLOG. Taller \u00abLa personalizaci\u00f3n y los Paisajes de Aprendizaje\u00bb"},"content":{"rendered":"<p><a href=\"https:\/\/www.aulablog.com\/blog\/wp-content\/uploads\/2017\/03\/openaualblog.png\"><img loading=\"lazy\" decoding=\"async\" class=\"size-full wp-image-2252 aligncenter\" src=\"https:\/\/www.aulablog.com\/blog\/wp-content\/uploads\/2017\/03\/openaualblog.png\" alt=\"\" width=\"200\" height=\"190\" \/><\/a><\/p>\n<p>Al escuchar la palabra paisaje probablemente tu mente ha viajado fuera de las cuatro paredes en las que habitualmente se encuentra. Los paisajes de aprendizaje tienen esa principal caracter\u00edstica, <strong>abrir el mundo de posibilidades<\/strong> de lo que puede pasar dentro de un <strong>aula<\/strong>.<br \/>\nY para empezar esta nueva forma de programar solamente necesitas saber cu\u00e1les son las tres claves:<\/p>\n<ul>\n<li>La personalizaci\u00f3n del aprendizaje.<\/li>\n<li>Las inteligencias m\u00faltiples y habilidades cognitivas. M\u00e1s all\u00e1 de Bloom.<\/li>\n<li>Programar por infusi\u00f3n.<\/li>\n<\/ul>\n<p><strong>\u00bfTe animas a venir y conocer esta herramienta metodol\u00f3gica?<\/strong><br \/>\nNecesitar\u00e1s traer material para escribir (boli, papel\u2026) dispositivo m\u00f3vil: Tablet u ordenador\u2026 y \u00a1\u00a1muchas ganas de hacer cosas chulas!!<\/p>\n<p><strong>Taller: \u00abLa personalizaci\u00f3n y los Paisajes de Aprendizaje\u00bb<\/strong><\/p>\n<p><b>D\u00eda<\/b><span style=\"font-weight: 400;\">: \u00a05 de\u00a0marzo<\/span><\/p>\n<p><b>Lugar<\/b><span style=\"font-weight: 400;\">:\u00a0<\/span><a href=\"http:\/\/coworkingspain.es\/espacios\/coworking\/bilbao\/icaza-colaborando-s2m\"><b>Icaza<\/b><\/a><b>\u00a0CoLaborAndo<\/b><span style=\"font-weight: 400;\">. (Mazarredo Zumarkalea, 47, 48009 Bilbao, Bizkaia)<\/span><\/p>\n<p><b>Horario<\/b><span style=\"font-weight: 400;\">: de 17:30 a 19:30<\/span><\/p>\n<p><a href=\"http:\/\/coworkingspain.es\/espacios\/coworking\/bilbao\/icaza-colaborando-s2m\"><img loading=\"lazy\" decoding=\"async\" class=\"alignnone \" src=\"https:\/\/media.licdn.com\/mpr\/mpr\/shrink_200_200\/AAEAAQAAAAAAAAWcAAAAJDRkN2NlM2Y5LTBmOGItNGQwYi04MjI2LTYyMmRlZjBjMmE1OA.png\" width=\"92\" height=\"92\" \/><\/a><\/p>\n<p><span style=\"font-weight: 400;\">El taller ser\u00e1 dinamizado por\u00a0<strong>Izaskun Gutierrez (<a href=\"https:\/\/twitter.com\/kqmimoa\" target=\"_blank\" rel=\"noopener noreferrer\">@kqmimoa<\/a>)\u00a0<\/strong><\/span><\/p>\n<p>Para acudir a este taller es necesario rellenar el siguiente formulario:<br \/>\n<iframe loading=\"lazy\" src=\"https:\/\/docs.google.com\/forms\/d\/e\/1FAIpQLSeA4koXXUdrGu7MbL3Md2lklg-AprywRnK8GJVw1Mifszuf7g\/viewform?embedded=true\" width=\"760\" height=\"500\" frameborder=\"0\" marginwidth=\"0\" marginheight=\"0\">Cargando&#8230;<\/iframe><\/p>\n","protected":false},"excerpt":{"rendered":"<p>Al escuchar la palabra paisaje probablemente tu mente ha viajado fuera de las cuatro paredes en las que habitualmente se encuentra. Los paisajes de aprendizaje tienen esa principal caracter\u00edstica, abrir el mundo de posibilidades de lo que puede pasar dentro de un aula. Y para empezar esta nueva forma de programar solamente necesitas saber cu\u00e1les [&hellip;]<\/p>\n","protected":false},"author":3,"featured_media":2252,"comment_status":"open","ping_status":"open","sticky":false,"template":"","format":"standard","meta":{"_et_pb_use_builder":"","_et_pb_old_content":"","_et_gb_content_width":"","footnotes":""},"categories":[259,4,262],"tags":[191,264,263],"class_list":["post-2382","post","type-post","status-publish","format-standard","has-post-thumbnail","hentry","category-portada","category-noticias","category-openaulablog","tag-formacion-bilbao","tag-paisajes-de-aprendizaje","tag-taller"],"_links":{"self":[{"href":"https:\/\/www.aulablog.com\/blog\/wp-json\/wp\/v2\/posts\/2382","targetHints":{"allow":["GET"]}}],"collection":[{"href":"https:\/\/www.aulablog.com\/blog\/wp-json\/wp\/v2\/posts"}],"about":[{"href":"https:\/\/www.aulablog.com\/blog\/wp-json\/wp\/v2\/types\/post"}],"author":[{"embeddable":true,"href":"https:\/\/www.aulablog.com\/blog\/wp-json\/wp\/v2\/users\/3"}],"replies":[{"embeddable":true,"href":"https:\/\/www.aulablog.com\/blog\/wp-json\/wp\/v2\/comments?post=2382"}],"version-history":[{"count":2,"href":"https:\/\/www.aulablog.com\/blog\/wp-json\/wp\/v2\/posts\/2382\/revisions"}],"predecessor-version":[{"id":2384,"href":"https:\/\/www.aulablog.com\/blog\/wp-json\/wp\/v2\/posts\/2382\/revisions\/2384"}],"wp:featuredmedia":[{"embeddable":true,"href":"https:\/\/www.aulablog.com\/blog\/wp-json\/wp\/v2\/media\/2252"}],"wp:attachment":[{"href":"https:\/\/www.aulablog.com\/blog\/wp-json\/wp\/v2\/media?parent=2382"}],"wp:term":[{"taxonomy":"category","embeddable":true,"href":"https:\/\/www.aulablog.com\/blog\/wp-json\/wp\/v2\/categories?post=2382"},{"taxonomy":"post_tag","embeddable":true,"href":"https:\/\/www.aulablog.com\/blog\/wp-json\/wp\/v2\/tags?post=2382"}],"curies":[{"name":"wp","href":"https:\/\/api.w.org\/{rel}","templated":true}]}}