{"id":2401,"date":"2018-04-23T17:25:06","date_gmt":"2018-04-23T15:25:06","guid":{"rendered":"http:\/\/www.aulablog.com\/blog\/?p=2401"},"modified":"2018-04-23T17:25:06","modified_gmt":"2018-04-23T15:25:06","slug":"jornada-de-presentacion-del-proyecto-escuelas-creativas","status":"publish","type":"post","link":"https:\/\/www.aulablog.com\/blog\/2018\/04\/23\/jornada-de-presentacion-del-proyecto-escuelas-creativas\/","title":{"rendered":"Jornada de presentaci\u00f3n del proyecto Escuelas Creativas"},"content":{"rendered":"<div style=\"width: 650px\" class=\"wp-caption aligncenter\"><a href=\"http:\/\/www.lacomarcadepuertollano.com\/diario\/noticia\/2017_02_20\/26\"><img loading=\"lazy\" decoding=\"async\" class=\"size-medium\" src=\"http:\/\/www.lacomarcadepuertollano.com\/diario\/fotos\/2017_02_20\/2017_02_20_No_26-a+%281%29.jpg\" width=\"640\" height=\"426\" \/><\/a><p class=\"wp-caption-text\"><a href=\"http:\/\/www.lacomarcadepuertollano.com\/diario\/noticia\/2017_02_20\/26\" target=\"_blank\" rel=\"noopener\">Procedencia de la imagen<\/a><\/p><\/div>\n<p>Escuelas Creativas Adri\u00e0 es un proyecto de Fundaci\u00f3n Telef\u00f3nica en el que ha participado aulaBLOG creando tres Gu\u00edas Did\u00e1cticas:<\/p>\n<ul>\n<li>Men\u00fa de aprendizaje<\/li>\n<li>Mi genoma creativo<\/li>\n<li>Edusapiens<\/li>\n<\/ul>\n<p>Estas gu\u00edas puedes encontrarlas en formato de libro <a href=\"https:\/\/www.amazon.es\/Escuelas-creativas-Varios-Fundaci%C3%B3n-Telef%C3%B3nica\/dp\/8408180541\/ref=sr_1_2?ie=UTF8&amp;qid=1524495667&amp;sr=8-2&amp;keywords=escuelas+creativas\" target=\"_blank\" rel=\"noopener\">amazon<\/a> o puedes descargarlas de manera gratuita en formato pdf desde <a href=\"https:\/\/ferranadria.fundaciontelefonica.com\/escuelascreativas\/guias-creativas\/\" target=\"_blank\" rel=\"noopener\">este enlace<\/a><\/p>\n<p>La Junta de Andaluc\u00eda ha organizado dos jornadas para presentarlas al profesorado los d\u00edas 24 y 25 de abril de 2018 en Sevilla y Granda respectivamente con el siguiente programa en Granada:<\/p>\n<p><span style=\"font-weight: 400;\">17:45h-18:00h. Llegada de los participantes<\/span><\/p>\n<p><span style=\"font-weight: 400;\">18:00h- 18:15h. Presentaci\u00f3n y bienvenida.\u00a0<\/span><span style=\"font-weight: 400;\">Presentaci\u00f3n del acto y bienvenida a cargo de:<\/span><\/p>\n<ul>\n<li style=\"font-weight: 400;\"><span style=\"font-weight: 400;\">Alcalde de Granada, Francisco Cuenca<\/span><\/li>\n<li style=\"font-weight: 400;\"><span style=\"font-weight: 400;\">Director de Relaciones Institucionales de Fundaci\u00f3n Telef\u00f3nica, Joan Cruz.<\/span><\/li>\n<li style=\"font-weight: 400;\"><span style=\"font-weight: 400;\">Director General de Innovaci\u00f3n y Formaci\u00f3n del Profesorado, Domingo Dom\u00ednguez.<\/span><\/li>\n<\/ul>\n<p><span style=\"font-weight: 400;\">18:15h-18:45h. Charla de Ferran Adri\u00e0.<\/span><\/p>\n<p><span style=\"font-weight: 400;\">18:45h-19:15h. Presentaci\u00f3n del proyecto y mesa redonda.<\/span><\/p>\n<ul>\n<li style=\"font-weight: 400;\"><span style=\"font-weight: 400;\">Presentaci\u00f3n del proyecto y moderador de la mesa, Pablo Gonzalo, Gerente de Coordinaci\u00f3n y Publicaciones Fundaci\u00f3n Telef\u00f3nica.<\/span><\/li>\n<li style=\"font-weight: 400;\"><span style=\"font-weight: 400;\">Participan en la mesa:<\/span><\/li>\n<li style=\"font-weight: 400;\"><span style=\"font-weight: 400;\">Ferran Adri\u00e0.<\/span><\/li>\n<li style=\"font-weight: 400;\"><span style=\"font-weight: 400;\">Carlos Magro, autor del libro <\/span><i><span style=\"font-weight: 400;\">Escuelas Creativas<\/span><\/i><span style=\"font-weight: 400;\">.<\/span><\/li>\n<li style=\"font-weight: 400;\"><span style=\"font-weight: 400;\">Isidro Vidal, miembro de aulaBLOG y autor de los materiales para docentes. <\/span><\/li>\n<li style=\"font-weight: 400;\"><span style=\"font-weight: 400;\">Juan N\u00fa\u00f1ez, mienbro de OTBInnova y autor de los materiales para equipos directivos.<\/span><\/li>\n<\/ul>\n<p><span style=\"font-weight: 400;\">19:15h- 19:30h. Turno de preguntas y cierre.<\/span><\/p>\n<p><span style=\"font-weight: 400;\">19:30h- 20:15h. Talleres.<\/span><\/p>\n<ul>\n<li style=\"font-weight: 400;\"><span style=\"font-weight: 400;\">Taller dirigido a equipos directivos a cargo de Juan N\u00fa\u00f1ez.<\/span><\/li>\n<li style=\"font-weight: 400;\"><span style=\"font-weight: 400;\">Taller dirigido a docentes a cargo de Isidro Vidal.<\/span><\/li>\n<\/ul>\n<p>En Sevilla el programa es similar a excepci\u00f3n de la charla de Ferran Adria que no puede acudir ese d\u00eda. La presentaci\u00f3n del acto en Sevilla corre a cargo del Director de Relaciones Institucionales de Fundaci\u00f3n Telef\u00f3nica, Joan Cruz y del Director General de Innovaci\u00f3n y Formaci\u00f3n del Profesorado, Domingo Dom\u00ednguez.\u00a0<a href=\"http:\/\/www.cgtaeducacion.org\/mostrar.php?n=Jornada%20de%20presentaci%C3%B3n%20de%20Escuelas%20Creativas&amp;c=%C3%9Altimas%20noticias\" target=\"_blank\" rel=\"noopener\">M\u00e1s Informaci\u00f3n<\/a><\/p>\n<p>Estos son los contenidos del taller que daremos en Sevilla y Granda con los materiales de nuestras Gu\u00edas Did\u00e1cticas:<\/p>\n<p style=\"padding-left: 30px;\"><span style=\"font-weight: 400;\">Ferr\u00e1n Adri\u00e0 sostiene que sin comprensi\u00f3n no hay creaci\u00f3n y, por otra parte, lograr la comprensi\u00f3n es el objetivo del aprendizaje. Este es el punto de encuentro entre dos mundos, el gastron\u00f3mico y el educativo. (Gu\u00eda <\/span><i><span style=\"font-weight: 400;\">Edusapiens<\/span><\/i><span style=\"font-weight: 400;\">)<\/span><\/p>\n<p style=\"padding-left: 30px;\"><span style=\"font-weight: 400;\">La creatividad ha sido clave en la historia de El Bulli. Ferr\u00e0n y su equipo desarrollaron una herramienta: <\/span><i><span style=\"font-weight: 400;\">genoma creativo<\/span><\/i><span style=\"font-weight: 400;\">, para comprender cu\u00e1l es la esencia de la creatividad. En su cocina buscaban intensificar o destacar el <\/span><i><span style=\"font-weight: 400;\">gen<\/span><\/i><span style=\"font-weight: 400;\"> de cada producto, aquello que lo hac\u00eda \u00fanico. Descubramos el potencial \u00fanico creativo de nuestro alumnado mediante el dise\u00f1o de espacios y proyectos que favorezcan el desarrollo de la creatividad.La recogida de evidencias y la reflexi\u00f3n sobre ellas facilita la construcci\u00f3n del conocimiento (Gu\u00eda <\/span><i><span style=\"font-weight: 400;\">Mi Genoma creativo<\/span><\/i><span style=\"font-weight: 400;\">)<\/span><\/p>\n<p style=\"padding-left: 30px;\"><span style=\"font-weight: 400;\">Creemos que la creatividad es el motor de la innovaci\u00f3n en la escuela del siglo XXI. Las gu\u00edas de Escuelas Creativas promueven una manera diferente de organizar el centro y de dise\u00f1ar experiencias de aprendizaje. Nuestro marco pedag\u00f3gico para desarrollar la creatividad en el aula se basa en el trabajo por proyectos o a partir de retos, de manera que se pongan en marcha capacidades necesarias para el aprendizaje activo y creativo como son el an\u00e1lisis, la b\u00fasqueda y el filtrado de la informaci\u00f3n, la comprensi\u00f3n y la propuesta y selecci\u00f3n de alternativas. (Gu\u00eda <\/span><i><span style=\"font-weight: 400;\">Men\u00fa de aprendizaje)<\/span><\/i><\/p>\n<p style=\"padding-left: 30px;\"><span style=\"font-weight: 400;\">Prepara tu aula para que tu alumnado sea un sujeto activo de su aprendizaje, para que no repitan siempre lo mismo, para que puedan adaptarse a los cambios, para que desarrollen su pensamiento cr\u00edtico y despierten su capacidad creativa:<\/span><\/p>\n<p style=\"padding-left: 30px;\"><span style=\"font-weight: 400;\">Contenidos del taller:<\/span><\/p>\n<ul>\n<li style=\"font-weight: 400;\"><span style=\"font-weight: 400;\">Fases de un trabajo por proyectos.<\/span><\/li>\n<li style=\"font-weight: 400;\"><span style=\"font-weight: 400;\">Dise\u00f1ar una programaci\u00f3n creativa a trav\u00e9s de los diferentes elementos implicados en ella: actividades, tareas, ejercicios, espacios, horarios, agrupamientos, evaluaci\u00f3n, <\/span><\/li>\n<li style=\"font-weight: 400;\"><span style=\"font-weight: 400;\">Las Inteligencias M\u00faltiples y la Taxonom\u00eda de Bloom para el dise\u00f1o de actividades y tareas. <\/span><\/li>\n<li style=\"font-weight: 400;\"><span style=\"font-weight: 400;\">Recursos para poner en funcionamiento en el aula, soportes de documentaci\u00f3n y reflexi\u00f3n.<\/span><\/li>\n<\/ul>\n<p><iframe loading=\"lazy\" src=\"https:\/\/docs.google.com\/presentation\/d\/e\/2PACX-1vQN3n8_2Tx5ROGENBXHM3kRYtI-mbLzFhwTi6DBAkZHNoS2sY-CqMaRKsRWMJ2x8AYlePmtq9XUTR4w\/embed?start=false&amp;loop=false&amp;delayms=3000\" width=\"490\" height=\"315\" frameborder=\"0\" allowfullscreen=\"allowfullscreen\"><span data-mce-type=\"bookmark\" style=\"display: inline-block; width: 0px; overflow: hidden; line-height: 0;\" class=\"mce_SELRES_start\">\ufeff<\/span><span data-mce-type=\"bookmark\" style=\"display: inline-block; width: 0px; overflow: hidden; line-height: 0;\" class=\"mce_SELRES_start\">\ufeff<\/span><span data-mce-type=\"bookmark\" style=\"display: inline-block; width: 0px; overflow: hidden; line-height: 0;\" class=\"mce_SELRES_start\">\ufeff<\/span><span data-mce-type=\"bookmark\" style=\"display: inline-block; width: 0px; overflow: hidden; line-height: 0;\" class=\"mce_SELRES_start\">\ufeff<\/span><\/iframe><\/p>\n","protected":false},"excerpt":{"rendered":"<p>Escuelas Creativas Adri\u00e0 es un proyecto de Fundaci\u00f3n Telef\u00f3nica en el que ha participado aulaBLOG creando tres Gu\u00edas Did\u00e1cticas: Men\u00fa de aprendizaje Mi genoma creativo Edusapiens Estas gu\u00edas puedes encontrarlas en formato de libro amazon o puedes descargarlas de manera gratuita en formato pdf desde este enlace La Junta de Andaluc\u00eda ha organizado dos jornadas [&hellip;]<\/p>\n","protected":false},"author":5,"featured_media":0,"comment_status":"open","ping_status":"open","sticky":false,"template":"","format":"standard","meta":{"_et_pb_use_builder":"","_et_pb_old_content":"","_et_gb_content_width":"","footnotes":""},"categories":[259,4],"tags":[243,265],"class_list":["post-2401","post","type-post","status-publish","format-standard","hentry","category-portada","category-noticias","tag-escuelas-creativas","tag-guias-didacticas"],"_links":{"self":[{"href":"https:\/\/www.aulablog.com\/blog\/wp-json\/wp\/v2\/posts\/2401","targetHints":{"allow":["GET"]}}],"collection":[{"href":"https:\/\/www.aulablog.com\/blog\/wp-json\/wp\/v2\/posts"}],"about":[{"href":"https:\/\/www.aulablog.com\/blog\/wp-json\/wp\/v2\/types\/post"}],"author":[{"embeddable":true,"href":"https:\/\/www.aulablog.com\/blog\/wp-json\/wp\/v2\/users\/5"}],"replies":[{"embeddable":true,"href":"https:\/\/www.aulablog.com\/blog\/wp-json\/wp\/v2\/comments?post=2401"}],"version-history":[{"count":2,"href":"https:\/\/www.aulablog.com\/blog\/wp-json\/wp\/v2\/posts\/2401\/revisions"}],"predecessor-version":[{"id":2403,"href":"https:\/\/www.aulablog.com\/blog\/wp-json\/wp\/v2\/posts\/2401\/revisions\/2403"}],"wp:attachment":[{"href":"https:\/\/www.aulablog.com\/blog\/wp-json\/wp\/v2\/media?parent=2401"}],"wp:term":[{"taxonomy":"category","embeddable":true,"href":"https:\/\/www.aulablog.com\/blog\/wp-json\/wp\/v2\/categories?post=2401"},{"taxonomy":"post_tag","embeddable":true,"href":"https:\/\/www.aulablog.com\/blog\/wp-json\/wp\/v2\/tags?post=2401"}],"curies":[{"name":"wp","href":"https:\/\/api.w.org\/{rel}","templated":true}]}}