{"id":2500,"date":"2018-11-26T18:39:50","date_gmt":"2018-11-26T17:39:50","guid":{"rendered":"http:\/\/www.aulablog.com\/blog\/?p=2500"},"modified":"2019-03-11T10:52:10","modified_gmt":"2019-03-11T09:52:10","slug":"aulablog-en-getxoblog","status":"publish","type":"post","link":"https:\/\/www.aulablog.com\/blog\/2018\/11\/26\/aulablog-en-getxoblog\/","title":{"rendered":"aulaBLOG en GetxoBlog"},"content":{"rendered":"<p><img loading=\"lazy\" decoding=\"async\" class=\"aligncenter\" src=\"https:\/\/c1.staticflickr.com\/5\/4836\/31101018447_417209bd94_b.jpg\" width=\"549\" height=\"366\" \/><\/p>\n<p><span style=\"font-weight: 400;\">El pasado s\u00e1bado 24 de noviembre de 2018 particip\u00e9 en el X Encuentro GetxoBlog invitado por MIkel Agirregabiria para presentar nuestra asociaci\u00f3n aulaBLOG.<\/span><\/p>\n<p><span style=\"font-weight: 400;\">Aqu\u00ed os dejo la presentaci\u00f3n que utilic\u00e9. En ella ver\u00e9is los elementos m\u00e1s importantes que en estos momentos tiene aulaBLOG: <\/span><\/p>\n<ul>\n<li style=\"font-weight: 400;\"><span style=\"font-weight: 400;\">los nodos con sus sesiones OPENaulaBLOG, <\/span><\/li>\n<li style=\"font-weight: 400;\"><span style=\"font-weight: 400;\">los eventos como el Scratch Day, EDaulaBLOG o el Coaching-illo, <\/span><\/li>\n<li style=\"font-weight: 400;\"><span style=\"font-weight: 400;\">los encuentros del verano, <\/span><\/li>\n<li style=\"font-weight: 400;\"><span style=\"font-weight: 400;\">las colaboraciones que hemos realizado como el proyecto Escuelas Creativas Adri\u00e0 con Fundaci\u00f3n Telef\u00f3nica y otras que seguimos haciendo, \u00a0<\/span><\/li>\n<li style=\"font-weight: 400;\"><span style=\"font-weight: 400;\">y las aulas m\u00f3viles y los materiales que tenemos a disposici\u00f3n de los socios para utilizar en el aula.<\/span><\/li>\n<\/ul>\n<p><iframe loading=\"lazy\" src=\"https:\/\/docs.google.com\/presentation\/d\/e\/2PACX-1vR56FB6EDCYktIo1FCXLyJ92DdC_lB_T94fuYLnXuFMg5EFkB7gxTMRDT70oLtdEOsUIXvFTeYWHwr6\/embed?start=false&amp;loop=false&amp;delayms=3000\" width=\"683\" height=\"541\" frameborder=\"0\" allowfullscreen=\"allowfullscreen\"><\/iframe><\/p>\n<p><span style=\"font-weight: 400;\">Esta jornada de GetxoBlog cont\u00f3 con la participaci\u00f3n de muchos blogueros que pusieron de manifiesto que el blog sigue tan vivo como cuando comenzamos a publicar en ellos a comienzos de este siglo XXI. En la historia de los blogs se empieza a utilizar por primera vez la palabra weblog en 1997, en 1999 nace Blogger y en 2003 WordPress empieza a estar operativo. Quise tener un recuerdo con los comienzos de los blogs en Getxo. Termin\u00e9 mi exposici\u00f3n con una diapositiva del blog <\/span><a href=\"https:\/\/getxoikasblogak.wordpress.com\/\"><span style=\"font-weight: 400;\">Getxo IKasblogak<\/span><\/a><span style=\"font-weight: 400;\">, del primer encuentro de blogs que se realiz\u00f3 en el 2007 en Getxo en el IES Julio Caro Baroja. Fue organizado en colaboraci\u00f3n con el Berritzegune de Getxo, en concreto con Adela Fern\u00e1ndez de @bloggeando y Joseba Lauzirika. En ese encuentro coincidimos el profesorado que en aquella \u00e9poca trabaj\u00e1bamos con los blogs en el aula, y contamos tambi\u00e9n con la participaci\u00f3n del alumnado que contaron su propia experiencia trabajando con esta herramienta. Buenos recuerdos, sin nostalgia, que nos siguen dando fuerza y nos retroalimentan. <\/span><\/p>\n<p><span style=\"font-weight: 400;\">Unos datos m\u00e1s, en la presentaci\u00f3n pod\u00e9is ver que aulaBLOG <\/span><a href=\"http:\/\/aula21.net\/aulablog21\/archives\/2005\/01\/31\/hoy-nace-aulablogcom\/\"><span style=\"font-weight: 400;\">naci\u00f3 oficialmente en 2005<\/span><\/a><span style=\"font-weight: 400;\"> en el foro del blog de Francisco Mu\u00f1oz de la Pe\u00f1a, en 2006 hicimos el primer encuentro en Roa de Duero. Este a\u00f1o realizaremos el catorceavo encuentro en Oviedo durante los d\u00edas 5, 6 y 7 de julio y ya tenemos peticiones para organizar los pr\u00f3ximos encuentros hasta el 2023. Hemos crecido mucho en este tiempo, los nodos y el grupo de socios y socias hacen que aulaBLOG tenga en estos momentos un gran potencial gracias a la implicaci\u00f3n de las personas que quieren compartir este proyecto. Este es nuestro manifiesto:<\/span><\/p>\n<p><span style=\"font-weight: 400;\">1.- Somos una asociaci\u00f3n de docentes sin \u00e1nimo de lucro en busca de una mejora educativa. <\/span><\/p>\n<p><span style=\"font-weight: 400;\">2.- Nuestro foco est\u00e1 puesto en el alumno, es el protagonista.<\/span><\/p>\n<p><span style=\"font-weight: 400;\">3.- Impulsamos las herramientas TIC (o TAC) para favorecer la ense\u00f1anza y el aprendizaje en el aula.<\/span><\/p>\n<p><span style=\"font-weight: 400;\">4.- Buscamos e investigamos sobre innovaci\u00f3n metodol\u00f3gica en las aulas.<\/span><\/p>\n<p><span style=\"font-weight: 400;\">5.- Apostamos por metodolog\u00edas activas y creativas.<\/span><\/p>\n<p><span style=\"font-weight: 400;\">6.- Formamos y acompa\u00f1amos al profesorado.<\/span><\/p>\n<p><span style=\"font-weight: 400;\">7.- Realizamos proyectos trabajando en grupo.<\/span><\/p>\n<p><span style=\"font-weight: 400;\">8.- Utilizamos la red para llevar a cabo nuestros proyectos.<\/span><\/p>\n<p>&nbsp;<\/p>\n<p><a href=\"https:\/\/c1.staticflickr.com\/5\/4836\/31101018447_417209bd94_b.jpg\" target=\"_blank\" rel=\"noopener noreferrer\">Procedencia de la imagen<\/a> v\u00eda @otxolua<\/p>\n","protected":false},"excerpt":{"rendered":"<p>El pasado s\u00e1bado 24 de noviembre de 2018 particip\u00e9 en el X Encuentro GetxoBlog invitado por MIkel Agirregabiria para presentar nuestra asociaci\u00f3n aulaBLOG. Aqu\u00ed os dejo la presentaci\u00f3n que utilic\u00e9. En ella ver\u00e9is los elementos m\u00e1s importantes que en estos momentos tiene aulaBLOG: los nodos con sus sesiones OPENaulaBLOG, los eventos como el Scratch Day, [&hellip;]<\/p>\n","protected":false},"author":5,"featured_media":2501,"comment_status":"open","ping_status":"open","sticky":false,"template":"","format":"standard","meta":{"_et_pb_use_builder":"","_et_pb_old_content":"","_et_gb_content_width":"","footnotes":""},"categories":[259,4],"tags":[6,272],"class_list":["post-2500","post","type-post","status-publish","format-standard","has-post-thumbnail","hentry","category-portada","category-noticias","tag-blog","tag-historia"],"_links":{"self":[{"href":"https:\/\/www.aulablog.com\/blog\/wp-json\/wp\/v2\/posts\/2500","targetHints":{"allow":["GET"]}}],"collection":[{"href":"https:\/\/www.aulablog.com\/blog\/wp-json\/wp\/v2\/posts"}],"about":[{"href":"https:\/\/www.aulablog.com\/blog\/wp-json\/wp\/v2\/types\/post"}],"author":[{"embeddable":true,"href":"https:\/\/www.aulablog.com\/blog\/wp-json\/wp\/v2\/users\/5"}],"replies":[{"embeddable":true,"href":"https:\/\/www.aulablog.com\/blog\/wp-json\/wp\/v2\/comments?post=2500"}],"version-history":[{"count":6,"href":"https:\/\/www.aulablog.com\/blog\/wp-json\/wp\/v2\/posts\/2500\/revisions"}],"predecessor-version":[{"id":2566,"href":"https:\/\/www.aulablog.com\/blog\/wp-json\/wp\/v2\/posts\/2500\/revisions\/2566"}],"wp:featuredmedia":[{"embeddable":true,"href":"https:\/\/www.aulablog.com\/blog\/wp-json\/wp\/v2\/media\/2501"}],"wp:attachment":[{"href":"https:\/\/www.aulablog.com\/blog\/wp-json\/wp\/v2\/media?parent=2500"}],"wp:term":[{"taxonomy":"category","embeddable":true,"href":"https:\/\/www.aulablog.com\/blog\/wp-json\/wp\/v2\/categories?post=2500"},{"taxonomy":"post_tag","embeddable":true,"href":"https:\/\/www.aulablog.com\/blog\/wp-json\/wp\/v2\/tags?post=2500"}],"curies":[{"name":"wp","href":"https:\/\/api.w.org\/{rel}","templated":true}]}}